{"id":673,"date":"2022-02-22T22:24:00","date_gmt":"2022-02-22T21:24:00","guid":{"rendered":"https:\/\/www.club-mouche-languedoc.fr\/?p=673"},"modified":"2022-02-23T16:31:29","modified_gmt":"2022-02-23T15:31:29","slug":"les-equipes-de-france-sont-constituees-pour-2022","status":"publish","type":"post","link":"https:\/\/www.club-mouche-languedoc.fr\/index.php\/2022\/02\/22\/les-equipes-de-france-sont-constituees-pour-2022\/","title":{"rendered":"Les \u00e9quipes de France sont constitu\u00e9es pour 2022."},"content":{"rendered":"\n<div class=\"wp-block-image\"><figure class=\"alignright size-full\"><img loading=\"lazy\" decoding=\"async\" width=\"166\" height=\"166\" src=\"https:\/\/www.club-mouche-languedoc.fr\/wp-content\/uploads\/2021\/12\/image.jpg\" alt=\"\" class=\"wp-image-319\" srcset=\"https:\/\/www.club-mouche-languedoc.fr\/wp-content\/uploads\/2021\/12\/image.jpg 166w, https:\/\/www.club-mouche-languedoc.fr\/wp-content\/uploads\/2021\/12\/image-150x150.jpg 150w, https:\/\/www.club-mouche-languedoc.fr\/wp-content\/uploads\/2021\/12\/image-100x100.jpg 100w\" sizes=\"auto, (max-width: 166px) 100vw, 166px\" \/><\/figure><\/div>\n\n\n\n<p>La commission nationale Mouche FFPS viens de faire connaitre la composition des \u00e9quipes de France qui s&rsquo;aligneront sur les comp\u00e9titions internationales en 2022.<\/p>\n\n\n\n<!--more-->\n\n\n\n<h2 class=\"wp-block-heading\"> Championnat du Monde Senior \u2013 Espagne<\/h2>\n\n\n\n<ul class=\"wp-block-list\"><li>Manager : Thierry LELIEVRE<\/li><li>Comp\u00e9titeurs :<br>o Pierre KUNTZ<br>o S\u00e9bastien DELCOR (Capitaine)<br>o Gr\u00e9goire JUGLARET<br>o S\u00e9bastien VIDAL<br>o Julien DAGUILLANES<\/li><li>Expert Lac \/ Rempla\u00e7ant : Emilio SAINT AMAN<\/li><\/ul>\n\n\n\n<h2 class=\"wp-block-heading\">Championnat du Monde Master \u2013 Italie<\/h2>\n\n\n\n<ul class=\"wp-block-list\"><li>Manager : Fr\u00e9d\u00e9ric DESFAITS<\/li><li>Comp\u00e9titeurs :<br>o Jean MEYA (Capitaine)<br>o Thierry ICARD<br>o Fr\u00e9d\u00e9ric DESFAITS<br>o Jean-Michel SANCHIS<br>o Christian AVINAUD<\/li><\/ul>\n\n\n\n<h2 class=\"wp-block-heading\">Championnat du Monde F\u00e9minin \u2013 Norv\u00e8ge<\/h2>\n\n\n\n<ul class=\"wp-block-list\"><li>Manager : Fr\u00e9d\u00e9ric LACROIX (Capitaine)<\/li><li>Comp\u00e9titrices :<br>o Marie-France STODOLNY<br>o H\u00e9l\u00e8ne ROUX-RIERA<br>o Anouck MATTONI<br>o Pauline ESPINOSA<br>o Julie QUILLARD<\/li><\/ul>\n\n\n\n<h2 class=\"wp-block-heading\">Championnat du Monde Jeune &#8211; Italie :<\/h2>\n\n\n\n<ul class=\"wp-block-list\"><li>Managers : Laurent SENTENAC (Manager) &amp; St\u00e9phane POIROT (Capitaine)<\/li><li>Comp\u00e9titeurs :<br>o Ethan CAMPIONE<br>o Emile JACQUET<br>o Adrien WEISSBECK<br>o Aloys JOUAN<br>o Florian JAUD<br>o Manu ARDEEFF (rempla\u00e7ant)<\/li><\/ul>\n\n\n\n<h2 class=\"wp-block-heading\">Championnat d\u2019Europe Senior &#8211; Norv\u00e8ge <\/h2>\n\n\n\n<ul class=\"wp-block-list\"><li>Manager : Didier DAUMAS<\/li><li>Comp\u00e9titeurs :<br>o Florian CARAVEO (Capitaine)<br>o Jean Guillaume MATHIEU<br>o Emilio SAINT AMAN<br>o J\u00e9r\u00f4me POIRIER<br>o Lionel FOURNIER<br>o Jordan GREGOIRE<\/li><\/ul>\n\n\n\n<h2 class=\"wp-block-heading\">Tournoi des 5 nations \u2013 Irlande<\/h2>\n\n\n\n<ul class=\"wp-block-list\"><li>Manager : Franck TARDY<\/li><li>Comp\u00e9titeurs :<br>o Franck TARDY<br>o Claude MEDINA<br>o Jean-Beno\u00eet ANGELY<br>o Olivier JARRETON<\/li><\/ul>\n","protected":false},"excerpt":{"rendered":"<p>La commission nationale Mouche FFPS viens de faire connaitre la composition des \u00e9quipes de France qui s&rsquo;aligneront sur les comp\u00e9titions internationales en 2022.<\/p>\n","protected":false},"author":1,"featured_media":0,"comment_status":"closed","ping_status":"closed","sticky":false,"template":"","format":"standard","meta":{"footnotes":""},"categories":[12],"tags":[23],"class_list":["post-673","post","type-post","status-publish","format-standard","hentry","category-annonces","tag-ffps"],"_links":{"self":[{"href":"https:\/\/www.club-mouche-languedoc.fr\/index.php\/wp-json\/wp\/v2\/posts\/673","targetHints":{"allow":["GET"]}}],"collection":[{"href":"https:\/\/www.club-mouche-languedoc.fr\/index.php\/wp-json\/wp\/v2\/posts"}],"about":[{"href":"https:\/\/www.club-mouche-languedoc.fr\/index.php\/wp-json\/wp\/v2\/types\/post"}],"author":[{"embeddable":true,"href":"https:\/\/www.club-mouche-languedoc.fr\/index.php\/wp-json\/wp\/v2\/users\/1"}],"replies":[{"embeddable":true,"href":"https:\/\/www.club-mouche-languedoc.fr\/index.php\/wp-json\/wp\/v2\/comments?post=673"}],"version-history":[{"count":1,"href":"https:\/\/www.club-mouche-languedoc.fr\/index.php\/wp-json\/wp\/v2\/posts\/673\/revisions"}],"predecessor-version":[{"id":674,"href":"https:\/\/www.club-mouche-languedoc.fr\/index.php\/wp-json\/wp\/v2\/posts\/673\/revisions\/674"}],"wp:attachment":[{"href":"https:\/\/www.club-mouche-languedoc.fr\/index.php\/wp-json\/wp\/v2\/media?parent=673"}],"wp:term":[{"taxonomy":"category","embeddable":true,"href":"https:\/\/www.club-mouche-languedoc.fr\/index.php\/wp-json\/wp\/v2\/categories?post=673"},{"taxonomy":"post_tag","embeddable":true,"href":"https:\/\/www.club-mouche-languedoc.fr\/index.php\/wp-json\/wp\/v2\/tags?post=673"}],"curies":[{"name":"wp","href":"https:\/\/api.w.org\/{rel}","templated":true}]}}