{"id":626,"date":"2022-02-06T22:51:00","date_gmt":"2022-02-06T21:51:00","guid":{"rendered":"https:\/\/www.club-mouche-languedoc.fr\/?p=626"},"modified":"2022-02-08T23:07:33","modified_gmt":"2022-02-08T22:07:33","slug":"rise-festival-edition-2022","status":"publish","type":"post","link":"https:\/\/www.club-mouche-languedoc.fr\/index.php\/2022\/02\/06\/rise-festival-edition-2022\/","title":{"rendered":"Rise Festival, \u00e9dition 2022"},"content":{"rendered":"\n<p>Cette ann\u00e9e encore le Rise Festival fait \u00e9tape au cin\u00e9ma Lut\u00e9va \u00e0 Lod\u00e8ve le 25 f\u00e9vrier.<br>Le \u00ab\u00a0teaser\u00a0\u00bb de l&rsquo;\u00e9dition 2022 est sorti r\u00e9cemment <\/p>\n\n\n\n<figure class=\"wp-block-embed is-type-video is-provider-vimeo wp-block-embed-vimeo wp-embed-aspect-16-9 wp-has-aspect-ratio\"><div class=\"wp-block-embed__wrapper\">\n<iframe loading=\"lazy\" title=\"teaser Rise France 2022.mov\" src=\"https:\/\/player.vimeo.com\/video\/668380651?dnt=1&amp;app_id=122963\" width=\"525\" height=\"295\" frameborder=\"0\" allow=\"autoplay; fullscreen; picture-in-picture; clipboard-write\"><\/iframe>\n<\/div><figcaption>Teaser Rise France 2022<\/figcaption><\/figure>\n\n\n\n<p>\u00ab\u00a0&#8230; <em>nous partirons \u00e0 la <strong>d\u00e9couverte de l\u2019ombre de la Vienne<\/strong>, des <strong>silures g\u00e9ants du Tarn<\/strong> ou encore de la <strong>Bosnie<\/strong> en passant par la <strong>haute vall\u00e9e de la Loire<\/strong> ou par <strong>l\u2019Allemagne<\/strong>, sans oublier, quand m\u00eame un peu <strong>d\u2019eau sal\u00e9e<\/strong>. En bref, une nouvelle <strong>\u00e9dition<\/strong> qui vous transportera, nous l\u2019esp\u00e9rons, <strong>loin des tracas<\/strong> de notre quotidien, <strong>au gr\u00e8s de magnifiques histoires\u2026<\/strong><\/em> <br><em>Bon festival \u00e0 toutes et \u00e0 tous<\/em> <br><em><strong>L\u2019\u00e9quipe du Rise-Festival<\/strong>\u00ab\u00a0<\/em><\/p>\n","protected":false},"excerpt":{"rendered":"<p>Cette ann\u00e9e encore le Rise Festival fait \u00e9tape au cin\u00e9ma Lut\u00e9va \u00e0 Lod\u00e8ve le 25 f\u00e9vrier.Le \u00ab\u00a0teaser\u00a0\u00bb de l&rsquo;\u00e9dition 2022 est sorti r\u00e9cemment \u00ab\u00a0&#8230; nous partirons \u00e0 la d\u00e9couverte de l\u2019ombre de la Vienne, des silures g\u00e9ants du Tarn ou encore de la Bosnie en passant par la haute vall\u00e9e de la Loire ou par &hellip; <\/p>\n<p class=\"link-more\"><a href=\"https:\/\/www.club-mouche-languedoc.fr\/index.php\/2022\/02\/06\/rise-festival-edition-2022\/\" class=\"more-link\">Continuer la lecture<span class=\"screen-reader-text\"> de &laquo;&nbsp;Rise Festival, \u00e9dition 2022&nbsp;&raquo;<\/span><\/a><\/p>\n","protected":false},"author":1,"featured_media":0,"comment_status":"closed","ping_status":"closed","sticky":false,"template":"","format":"standard","meta":{"footnotes":""},"categories":[12],"tags":[],"class_list":["post-626","post","type-post","status-publish","format-standard","hentry","category-annonces"],"_links":{"self":[{"href":"https:\/\/www.club-mouche-languedoc.fr\/index.php\/wp-json\/wp\/v2\/posts\/626","targetHints":{"allow":["GET"]}}],"collection":[{"href":"https:\/\/www.club-mouche-languedoc.fr\/index.php\/wp-json\/wp\/v2\/posts"}],"about":[{"href":"https:\/\/www.club-mouche-languedoc.fr\/index.php\/wp-json\/wp\/v2\/types\/post"}],"author":[{"embeddable":true,"href":"https:\/\/www.club-mouche-languedoc.fr\/index.php\/wp-json\/wp\/v2\/users\/1"}],"replies":[{"embeddable":true,"href":"https:\/\/www.club-mouche-languedoc.fr\/index.php\/wp-json\/wp\/v2\/comments?post=626"}],"version-history":[{"count":1,"href":"https:\/\/www.club-mouche-languedoc.fr\/index.php\/wp-json\/wp\/v2\/posts\/626\/revisions"}],"predecessor-version":[{"id":627,"href":"https:\/\/www.club-mouche-languedoc.fr\/index.php\/wp-json\/wp\/v2\/posts\/626\/revisions\/627"}],"wp:attachment":[{"href":"https:\/\/www.club-mouche-languedoc.fr\/index.php\/wp-json\/wp\/v2\/media?parent=626"}],"wp:term":[{"taxonomy":"category","embeddable":true,"href":"https:\/\/www.club-mouche-languedoc.fr\/index.php\/wp-json\/wp\/v2\/categories?post=626"},{"taxonomy":"post_tag","embeddable":true,"href":"https:\/\/www.club-mouche-languedoc.fr\/index.php\/wp-json\/wp\/v2\/tags?post=626"}],"curies":[{"name":"wp","href":"https:\/\/api.w.org\/{rel}","templated":true}]}}