{"id":281,"date":"2020-10-31T17:59:00","date_gmt":"2020-10-31T16:59:00","guid":{"rendered":"https:\/\/www.club-mouche-languedoc.fr\/?p=281"},"modified":"2021-12-17T17:43:57","modified_gmt":"2021-12-17T16:43:57","slug":"message-de-la-fnpf-covid-19-et-peche-de-loisir","status":"publish","type":"post","link":"https:\/\/www.club-mouche-languedoc.fr\/index.php\/2020\/10\/31\/message-de-la-fnpf-covid-19-et-peche-de-loisir\/","title":{"rendered":"Message de la FNPF : COVID-19 et p\u00eache de loisir"},"content":{"rendered":"\n<div class=\"wp-block-group\"><div class=\"wp-block-group__inner-container is-layout-flow wp-block-group-is-layout-flow\">\n<p>Cher P\u00eacheur,<\/p>\n\n\n\n<p>Les annonces du pr\u00e9sident de la R\u00e9publique et du Premier ministre confirment la mise en place d\u2019un confinement national en vue de lutter contre la propagation de la Covid-19.<br>Si la p\u00eache n\u2019est pas interdite, elle est n\u00e9anmoins largement impact\u00e9e.<\/p>\n\n\n\n<!--more-->\n\n\n\n<p>Le d\u00e9cret<sup>[1]<\/sup> paru ce jour a s\u00e9rieusement r\u00e9duit et encadr\u00e9 la libert\u00e9 de se d\u00e9placer, le tout avec une verbalisation possible pour les contrevenants.<\/p>\n\n\n\n<p>Il indique en son article 4 que :<\/p>\n\n\n\n<p><em>\u00ab Tout d\u00e9placement de personne hors de son lieu de r\u00e9sidence est interdit \u00e0 l&rsquo;exception des d\u00e9placements pour les motifs suivants en \u00e9vitant tout regroupement de personnes : \u2026\/\u2026<\/em><\/p>\n\n\n\n<p><em>6\u00b0 &#8211; D\u00e9placements brefs, dans la limite d&rsquo;une heure quotidienne et dans un rayon maximal d&rsquo;un kilom\u00e8tre autour du domicile, li\u00e9s soit \u00e0 l&rsquo;activit\u00e9 physique individuelle des personnes, \u00e0 l&rsquo;exclusion de toute pratique sportive collective et de toute proximit\u00e9 avec d&rsquo;autres personnes\u2026 \u00bb<\/em><\/p>\n\n\n\n<p>Nous vous invitons le cas \u00e9ch\u00e9ant \u00e0 consulter le site du gouvernement pour de plus amples renseignements : <a href=\"https:\/\/www.gouvernement.fr\/info-coronavirus\">https:\/\/www.gouvernement.fr\/info-coronavirus<\/a><\/p>\n<\/div><\/div>\n\n\n\n<h1 class=\"wp-block-heading\"><strong>Par cons\u00e9quent, l&rsquo;activit\u00e9 de p\u00eache doit \u00eatre suspendue d\u00e8s lors qu\u2019elle ne rentre pas dans ce cadre.<\/strong><\/h1>\n\n\n\n<div class=\"wp-block-group\"><div class=\"wp-block-group__inner-container is-layout-flow wp-block-group-is-layout-flow\">\n<p>Nous vous rappelons que :<\/p>\n\n\n\n<ul class=\"wp-block-list\"><li>la F\u00e9d\u00e9ration nationale pour la p\u00eache en France n\u2019a pas la comp\u00e9tence d\u2019interdire ou d\u2019autoriser la p\u00eache,<\/li><li>le Pr\u00e9fet peut prendre toutes dispositions qu\u2019il estime utiles au regard de l\u2019objectif de cette r\u00e9glementation.<\/li><li>que seul l\u2019Agent verbalisateur peut, le cas \u00e9ch\u00e9ant, appr\u00e9cier l\u2019opportunit\u00e9 de dresser un constat d\u2019infraction.<\/li><\/ul>\n<\/div><\/div>\n\n\n\n<h1 class=\"wp-block-heading\"><strong>ENSEMBLE RESPECTONS SCRUPULEUSEMENT LES CONSIGNES DE SANTE PUBLIQUE.<\/strong><\/h1>\n\n\n\n<p>Le pr\u00e9sident de la FNPF,<br>Claude ROUSTAN<\/p>\n","protected":false},"excerpt":{"rendered":"<p>Cher P\u00eacheur, Les annonces du pr\u00e9sident de la R\u00e9publique et du Premier ministre confirment la mise en place d\u2019un confinement national en vue de lutter contre la propagation de la Covid-19.Si la p\u00eache n\u2019est pas interdite, elle est n\u00e9anmoins largement impact\u00e9e.<\/p>\n","protected":false},"author":1,"featured_media":0,"comment_status":"closed","ping_status":"closed","sticky":false,"template":"","format":"standard","meta":{"footnotes":""},"categories":[12],"tags":[],"class_list":["post-281","post","type-post","status-publish","format-standard","hentry","category-annonces"],"_links":{"self":[{"href":"https:\/\/www.club-mouche-languedoc.fr\/index.php\/wp-json\/wp\/v2\/posts\/281","targetHints":{"allow":["GET"]}}],"collection":[{"href":"https:\/\/www.club-mouche-languedoc.fr\/index.php\/wp-json\/wp\/v2\/posts"}],"about":[{"href":"https:\/\/www.club-mouche-languedoc.fr\/index.php\/wp-json\/wp\/v2\/types\/post"}],"author":[{"embeddable":true,"href":"https:\/\/www.club-mouche-languedoc.fr\/index.php\/wp-json\/wp\/v2\/users\/1"}],"replies":[{"embeddable":true,"href":"https:\/\/www.club-mouche-languedoc.fr\/index.php\/wp-json\/wp\/v2\/comments?post=281"}],"version-history":[{"count":1,"href":"https:\/\/www.club-mouche-languedoc.fr\/index.php\/wp-json\/wp\/v2\/posts\/281\/revisions"}],"predecessor-version":[{"id":282,"href":"https:\/\/www.club-mouche-languedoc.fr\/index.php\/wp-json\/wp\/v2\/posts\/281\/revisions\/282"}],"wp:attachment":[{"href":"https:\/\/www.club-mouche-languedoc.fr\/index.php\/wp-json\/wp\/v2\/media?parent=281"}],"wp:term":[{"taxonomy":"category","embeddable":true,"href":"https:\/\/www.club-mouche-languedoc.fr\/index.php\/wp-json\/wp\/v2\/categories?post=281"},{"taxonomy":"post_tag","embeddable":true,"href":"https:\/\/www.club-mouche-languedoc.fr\/index.php\/wp-json\/wp\/v2\/tags?post=281"}],"curies":[{"name":"wp","href":"https:\/\/api.w.org\/{rel}","templated":true}]}}