{"id":2057,"date":"2024-11-14T10:14:44","date_gmt":"2024-11-14T09:14:44","guid":{"rendered":"https:\/\/www.club-mouche-languedoc.fr\/?p=2057"},"modified":"2024-12-30T12:55:55","modified_gmt":"2024-12-30T11:55:55","slug":"sortie-reservoir-dans-le-cantal-2","status":"publish","type":"post","link":"https:\/\/www.club-mouche-languedoc.fr\/index.php\/2024\/11\/14\/sortie-reservoir-dans-le-cantal-2\/","title":{"rendered":"Sortie r\u00e9servoir dans le Cantal"},"content":{"rendered":"\n<p>En ce long weekend du 11 novembre, le club se d\u00e9pla\u00e7ait dans le Cantal, pour p\u00eacher les lacs du Roussillou, des Estives et des Graves.<br>Les participants s&rsquo;\u00e9taient donn\u00e9 rendez-vous le vendredi soir \u00e0 partir de 18h aux gites Cantal Emotion \u00e0 Valette.   <\/p>\n\n\n<style type=\"text\/css\">\n#foogallery-gallery-2115 .fg-image { width: 150px; }\n#foogallery-gallery-2115 { --fg-gutter: 10px; }<\/style>\n\t\t\t<div class=\"foogallery foogallery-container foogallery-default foogallery-lightbox-foogallery fg-center fg-default fg-ready fg-light fg-border-thin fg-shadow-outline fg-loading-default fg-loaded-fade-in fg-caption-hover fg-hover-fade fg-hover-zoom\" id=\"foogallery-gallery-2115\" data-foogallery=\"{&quot;item&quot;:{&quot;showCaptionTitle&quot;:true,&quot;showCaptionDescription&quot;:true},&quot;lazy&quot;:true}\" data-foogallery-lightbox=\"{&quot;thumbs&quot;:&quot;bottom&quot;,&quot;thumbsCaptions&quot;:false,&quot;thumbsBestFit&quot;:false,&quot;thumbsSmall&quot;:false,&quot;thumbsCaptionsAlign&quot;:&quot;default&quot;,&quot;info&quot;:&quot;bottom&quot;,&quot;infoVisible&quot;:true,&quot;infoOverlay&quot;:true,&quot;infoAlign&quot;:&quot;default&quot;,&quot;transition&quot;:&quot;fade&quot;,&quot;hoverButtons&quot;:false,&quot;fitMedia&quot;:false,&quot;noScrollbars&quot;:true,&quot;preserveButtonSpace&quot;:true,&quot;buttons&quot;:{&quot;fullscreen&quot;:true,&quot;info&quot;:true,&quot;thumbs&quot;:false},&quot;video&quot;:{&quot;autoPlay&quot;:true}}\" style=\"--fg-title-line-clamp: 0; --fg-description-line-clamp: 0;\" >\n\t<div class=\"fg-item fg-type-image fg-idle\"><figure class=\"fg-item-inner\"><a href=\"https:\/\/www.club-mouche-languedoc.fr\/wp-content\/uploads\/2024\/12\/2024-11-09-Roussillou-01.jpg\" data-caption-title=\"Lac du Roussillou\nPhoto : Jacky Reimund\" data-attachment-id=\"2093\" data-type=\"image\" class=\"fg-thumb\"><span class=\"fg-image-wrap\"><img decoding=\"async\" title=\"Lac du Roussillou\nPhoto : Jacky Reimund\" width=\"150\" height=\"150\" class=\"skip-lazy fg-image\" data-src-fg=\"https:\/\/www.club-mouche-languedoc.fr\/wp-content\/uploads\/cache\/2024\/12\/2024-11-09-Roussillou-01\/2461366263.jpg\" src=\"data:image\/svg+xml,%3Csvg%20xmlns%3D%22http%3A%2F%2Fwww.w3.org%2F2000%2Fsvg%22%20width%3D%22150%22%20height%3D%22150%22%20viewBox%3D%220%200%20150%20150%22%3E%3C%2Fsvg%3E\" loading=\"eager\"><\/span><span class=\"fg-image-overlay\"><\/span><\/a><figcaption class=\"fg-caption\"><div class=\"fg-caption-inner\"><div class=\"fg-caption-title\">Lac du Roussillou\nPhoto : Jacky Reimund<\/div><\/div><\/figcaption><\/figure><div class=\"fg-loader\"><\/div><\/div><div class=\"fg-item fg-type-image fg-idle\"><figure class=\"fg-item-inner\"><a href=\"https:\/\/www.club-mouche-languedoc.fr\/wp-content\/uploads\/2024\/12\/2024-11-09-Roussillou-02.jpg\" data-caption-title=\"Lac du Roussillou\nPhoto : Jacky Reimund\" data-attachment-id=\"2094\" data-type=\"image\" class=\"fg-thumb\"><span class=\"fg-image-wrap\"><img decoding=\"async\" title=\"Lac du Roussillou\nPhoto : Jacky Reimund\" width=\"150\" height=\"150\" class=\"skip-lazy fg-image\" data-src-fg=\"https:\/\/www.club-mouche-languedoc.fr\/wp-content\/uploads\/cache\/2024\/12\/2024-11-09-Roussillou-02\/1194762478.jpg\" src=\"data:image\/svg+xml,%3Csvg%20xmlns%3D%22http%3A%2F%2Fwww.w3.org%2F2000%2Fsvg%22%20width%3D%22150%22%20height%3D%22150%22%20viewBox%3D%220%200%20150%20150%22%3E%3C%2Fsvg%3E\" loading=\"eager\"><\/span><span class=\"fg-image-overlay\"><\/span><\/a><figcaption class=\"fg-caption\"><div class=\"fg-caption-inner\"><div class=\"fg-caption-title\">Lac du Roussillou\nPhoto : Jacky Reimund<\/div><\/div><\/figcaption><\/figure><div class=\"fg-loader\"><\/div><\/div><div class=\"fg-item fg-type-image fg-idle\"><figure class=\"fg-item-inner\"><a href=\"https:\/\/www.club-mouche-languedoc.fr\/wp-content\/uploads\/2024\/12\/2024-11-09-Roussillou-03.jpg\" data-caption-title=\"Lac du Roussillou\nPhoto : Olivier Verger\" data-attachment-id=\"2095\" data-type=\"image\" class=\"fg-thumb\"><span class=\"fg-image-wrap\"><img decoding=\"async\" title=\"Lac du Roussillou\nPhoto : Olivier Verger\" width=\"150\" height=\"150\" class=\"skip-lazy fg-image\" data-src-fg=\"https:\/\/www.club-mouche-languedoc.fr\/wp-content\/uploads\/cache\/2024\/12\/2024-11-09-Roussillou-03\/2515789454.jpg\" src=\"data:image\/svg+xml,%3Csvg%20xmlns%3D%22http%3A%2F%2Fwww.w3.org%2F2000%2Fsvg%22%20width%3D%22150%22%20height%3D%22150%22%20viewBox%3D%220%200%20150%20150%22%3E%3C%2Fsvg%3E\" loading=\"eager\"><\/span><span class=\"fg-image-overlay\"><\/span><\/a><figcaption class=\"fg-caption\"><div class=\"fg-caption-inner\"><div class=\"fg-caption-title\">Lac du Roussillou\nPhoto : Olivier Verger<\/div><\/div><\/figcaption><\/figure><div class=\"fg-loader\"><\/div><\/div><div class=\"fg-item fg-type-image fg-idle\"><figure class=\"fg-item-inner\"><a href=\"https:\/\/www.club-mouche-languedoc.fr\/wp-content\/uploads\/2024\/12\/2024-11-09-Roussillou-04.jpg\" data-caption-title=\"Lac du Roussillou\nPhoto : Olivier Verger\" data-attachment-id=\"2096\" data-type=\"image\" class=\"fg-thumb\"><span class=\"fg-image-wrap\"><img decoding=\"async\" title=\"Lac du Roussillou\nPhoto : Olivier Verger\" width=\"150\" height=\"150\" class=\"skip-lazy fg-image\" data-src-fg=\"https:\/\/www.club-mouche-languedoc.fr\/wp-content\/uploads\/cache\/2024\/12\/2024-11-09-Roussillou-04\/3179750549.jpg\" src=\"data:image\/svg+xml,%3Csvg%20xmlns%3D%22http%3A%2F%2Fwww.w3.org%2F2000%2Fsvg%22%20width%3D%22150%22%20height%3D%22150%22%20viewBox%3D%220%200%20150%20150%22%3E%3C%2Fsvg%3E\" loading=\"eager\"><\/span><span class=\"fg-image-overlay\"><\/span><\/a><figcaption class=\"fg-caption\"><div class=\"fg-caption-inner\"><div class=\"fg-caption-title\">Lac du Roussillou\nPhoto : Olivier Verger<\/div><\/div><\/figcaption><\/figure><div class=\"fg-loader\"><\/div><\/div><div class=\"fg-item fg-type-image fg-idle\"><figure class=\"fg-item-inner\"><a href=\"https:\/\/www.club-mouche-languedoc.fr\/wp-content\/uploads\/2024\/12\/2024-11-09-Roussillou-05.jpg\" data-caption-title=\"Lac du Roussillou\nPhoto : Olivier Verger\" data-attachment-id=\"2097\" data-type=\"image\" class=\"fg-thumb\"><span class=\"fg-image-wrap\"><img decoding=\"async\" title=\"Lac du Roussillou\nPhoto : Olivier Verger\" width=\"150\" height=\"150\" class=\"skip-lazy fg-image\" data-src-fg=\"https:\/\/www.club-mouche-languedoc.fr\/wp-content\/uploads\/cache\/2024\/12\/2024-11-09-Roussillou-05\/1866621685.jpg\" src=\"data:image\/svg+xml,%3Csvg%20xmlns%3D%22http%3A%2F%2Fwww.w3.org%2F2000%2Fsvg%22%20width%3D%22150%22%20height%3D%22150%22%20viewBox%3D%220%200%20150%20150%22%3E%3C%2Fsvg%3E\" loading=\"eager\"><\/span><span class=\"fg-image-overlay\"><\/span><\/a><figcaption class=\"fg-caption\"><div class=\"fg-caption-inner\"><div class=\"fg-caption-title\">Lac du Roussillou\nPhoto : Olivier Verger<\/div><\/div><\/figcaption><\/figure><div class=\"fg-loader\"><\/div><\/div><div class=\"fg-item fg-type-image fg-idle\"><figure class=\"fg-item-inner\"><a href=\"https:\/\/www.club-mouche-languedoc.fr\/wp-content\/uploads\/2024\/12\/2024-11-09-Roussillou-06.jpg\" data-caption-title=\"Lac du Roussillou\nPhoto : Olivier Verger\" data-attachment-id=\"2098\" data-type=\"image\" class=\"fg-thumb\"><span class=\"fg-image-wrap\"><img decoding=\"async\" title=\"Lac du Roussillou\nPhoto : Olivier Verger\" width=\"150\" height=\"150\" class=\"skip-lazy fg-image\" data-src-fg=\"https:\/\/www.club-mouche-languedoc.fr\/wp-content\/uploads\/cache\/2024\/12\/2024-11-09-Roussillou-06\/1237025308.jpg\" src=\"data:image\/svg+xml,%3Csvg%20xmlns%3D%22http%3A%2F%2Fwww.w3.org%2F2000%2Fsvg%22%20width%3D%22150%22%20height%3D%22150%22%20viewBox%3D%220%200%20150%20150%22%3E%3C%2Fsvg%3E\" loading=\"eager\"><\/span><span class=\"fg-image-overlay\"><\/span><\/a><figcaption class=\"fg-caption\"><div class=\"fg-caption-inner\"><div class=\"fg-caption-title\">Lac du Roussillou\nPhoto : Olivier Verger<\/div><\/div><\/figcaption><\/figure><div class=\"fg-loader\"><\/div><\/div><div class=\"fg-item fg-type-image fg-idle\"><figure class=\"fg-item-inner\"><a href=\"https:\/\/www.club-mouche-languedoc.fr\/wp-content\/uploads\/2024\/12\/2024-11-09-Roussillou-07.jpg\" data-caption-title=\"Lac du Roussillou\nPhoto : Olivier Verger\" data-attachment-id=\"2099\" data-type=\"image\" class=\"fg-thumb\"><span class=\"fg-image-wrap\"><img decoding=\"async\" title=\"Lac du Roussillou\nPhoto : Olivier Verger\" width=\"150\" height=\"150\" class=\"skip-lazy fg-image\" data-src-fg=\"https:\/\/www.club-mouche-languedoc.fr\/wp-content\/uploads\/cache\/2024\/12\/2024-11-09-Roussillou-07\/2608776316.jpg\" src=\"data:image\/svg+xml,%3Csvg%20xmlns%3D%22http%3A%2F%2Fwww.w3.org%2F2000%2Fsvg%22%20width%3D%22150%22%20height%3D%22150%22%20viewBox%3D%220%200%20150%20150%22%3E%3C%2Fsvg%3E\" loading=\"eager\"><\/span><span class=\"fg-image-overlay\"><\/span><\/a><figcaption class=\"fg-caption\"><div class=\"fg-caption-inner\"><div class=\"fg-caption-title\">Lac du Roussillou\nPhoto : Olivier Verger<\/div><\/div><\/figcaption><\/figure><div class=\"fg-loader\"><\/div><\/div><div class=\"fg-item fg-type-image fg-idle\"><figure class=\"fg-item-inner\"><a href=\"https:\/\/www.club-mouche-languedoc.fr\/wp-content\/uploads\/2024\/12\/2024-11-09-Roussillou-08.jpg\" data-caption-title=\"Lac du Roussillou\nPhoto : Olivier Verger\" data-attachment-id=\"2100\" data-type=\"image\" class=\"fg-thumb\"><span class=\"fg-image-wrap\"><img decoding=\"async\" title=\"Lac du Roussillou\nPhoto : Olivier Verger\" width=\"150\" height=\"150\" class=\"skip-lazy fg-image\" data-src-fg=\"https:\/\/www.club-mouche-languedoc.fr\/wp-content\/uploads\/cache\/2024\/12\/2024-11-09-Roussillou-08\/1570679121.jpg\" src=\"data:image\/svg+xml,%3Csvg%20xmlns%3D%22http%3A%2F%2Fwww.w3.org%2F2000%2Fsvg%22%20width%3D%22150%22%20height%3D%22150%22%20viewBox%3D%220%200%20150%20150%22%3E%3C%2Fsvg%3E\" loading=\"eager\"><\/span><span class=\"fg-image-overlay\"><\/span><\/a><figcaption class=\"fg-caption\"><div class=\"fg-caption-inner\"><div class=\"fg-caption-title\">Lac du Roussillou\nPhoto : Olivier Verger<\/div><\/div><\/figcaption><\/figure><div class=\"fg-loader\"><\/div><\/div><div class=\"fg-item fg-type-image fg-idle\"><figure class=\"fg-item-inner\"><a href=\"https:\/\/www.club-mouche-languedoc.fr\/wp-content\/uploads\/2024\/12\/2024-11-09-Roussillou-09.jpg\" data-caption-title=\"Lac du Roussillou\nPhoto : Olivier Verger\" data-attachment-id=\"2101\" data-type=\"image\" class=\"fg-thumb\"><span class=\"fg-image-wrap\"><img decoding=\"async\" title=\"Lac du Roussillou\nPhoto : Olivier Verger\" width=\"150\" height=\"150\" class=\"skip-lazy fg-image\" data-src-fg=\"https:\/\/www.club-mouche-languedoc.fr\/wp-content\/uploads\/cache\/2024\/12\/2024-11-09-Roussillou-09\/2405166897.jpg\" src=\"data:image\/svg+xml,%3Csvg%20xmlns%3D%22http%3A%2F%2Fwww.w3.org%2F2000%2Fsvg%22%20width%3D%22150%22%20height%3D%22150%22%20viewBox%3D%220%200%20150%20150%22%3E%3C%2Fsvg%3E\" loading=\"eager\"><\/span><span class=\"fg-image-overlay\"><\/span><\/a><figcaption class=\"fg-caption\"><div class=\"fg-caption-inner\"><div class=\"fg-caption-title\">Lac du Roussillou\nPhoto : Olivier Verger<\/div><\/div><\/figcaption><\/figure><div class=\"fg-loader\"><\/div><\/div><div class=\"fg-item fg-type-image fg-idle\"><figure class=\"fg-item-inner\"><a href=\"https:\/\/www.club-mouche-languedoc.fr\/wp-content\/uploads\/2024\/12\/2024-11-09-Roussillou-10.jpg\" data-attachment-id=\"2102\" data-type=\"image\" class=\"fg-thumb\"><span class=\"fg-image-wrap\"><img decoding=\"async\" width=\"150\" height=\"150\" class=\"skip-lazy fg-image\" data-src-fg=\"https:\/\/www.club-mouche-languedoc.fr\/wp-content\/uploads\/cache\/2024\/12\/2024-11-09-Roussillou-10\/2782800731.jpg\" src=\"data:image\/svg+xml,%3Csvg%20xmlns%3D%22http%3A%2F%2Fwww.w3.org%2F2000%2Fsvg%22%20width%3D%22150%22%20height%3D%22150%22%20viewBox%3D%220%200%20150%20150%22%3E%3C%2Fsvg%3E\" loading=\"eager\"><\/span><span class=\"fg-image-overlay\"><\/span><\/a><\/figure><div class=\"fg-loader\"><\/div><\/div><div class=\"fg-item fg-type-image fg-idle\"><figure class=\"fg-item-inner\"><a href=\"https:\/\/www.club-mouche-languedoc.fr\/wp-content\/uploads\/2024\/12\/2024-11-09-Roussillou-11.jpg\" data-attachment-id=\"2103\" data-type=\"image\" class=\"fg-thumb\"><span class=\"fg-image-wrap\"><img decoding=\"async\" width=\"150\" height=\"150\" class=\"skip-lazy fg-image\" data-src-fg=\"https:\/\/www.club-mouche-languedoc.fr\/wp-content\/uploads\/cache\/2024\/12\/2024-11-09-Roussillou-11\/1998286139.jpg\" src=\"data:image\/svg+xml,%3Csvg%20xmlns%3D%22http%3A%2F%2Fwww.w3.org%2F2000%2Fsvg%22%20width%3D%22150%22%20height%3D%22150%22%20viewBox%3D%220%200%20150%20150%22%3E%3C%2Fsvg%3E\" loading=\"eager\"><\/span><span class=\"fg-image-overlay\"><\/span><\/a><\/figure><div class=\"fg-loader\"><\/div><\/div><div class=\"fg-item fg-type-image fg-idle\"><figure class=\"fg-item-inner\"><a href=\"https:\/\/www.club-mouche-languedoc.fr\/wp-content\/uploads\/2024\/12\/2024-11-09-Roussillou-12.jpg\" data-attachment-id=\"2104\" data-type=\"image\" class=\"fg-thumb\"><span class=\"fg-image-wrap\"><img decoding=\"async\" width=\"150\" height=\"150\" class=\"skip-lazy fg-image\" data-src-fg=\"https:\/\/www.club-mouche-languedoc.fr\/wp-content\/uploads\/cache\/2024\/12\/2024-11-09-Roussillou-12\/2727918114.jpg\" src=\"data:image\/svg+xml,%3Csvg%20xmlns%3D%22http%3A%2F%2Fwww.w3.org%2F2000%2Fsvg%22%20width%3D%22150%22%20height%3D%22150%22%20viewBox%3D%220%200%20150%20150%22%3E%3C%2Fsvg%3E\" loading=\"eager\"><\/span><span class=\"fg-image-overlay\"><\/span><\/a><\/figure><div class=\"fg-loader\"><\/div><\/div><div class=\"fg-item fg-type-image fg-idle\"><figure class=\"fg-item-inner\"><a href=\"https:\/\/www.club-mouche-languedoc.fr\/wp-content\/uploads\/2024\/12\/2024-11-09-Roussillou-13.jpg\" data-attachment-id=\"2105\" data-type=\"image\" class=\"fg-thumb\"><span class=\"fg-image-wrap\"><img decoding=\"async\" width=\"150\" height=\"150\" class=\"skip-lazy fg-image\" data-src-fg=\"https:\/\/www.club-mouche-languedoc.fr\/wp-content\/uploads\/cache\/2024\/12\/2024-11-09-Roussillou-13\/1885207618.jpg\" src=\"data:image\/svg+xml,%3Csvg%20xmlns%3D%22http%3A%2F%2Fwww.w3.org%2F2000%2Fsvg%22%20width%3D%22150%22%20height%3D%22150%22%20viewBox%3D%220%200%20150%20150%22%3E%3C%2Fsvg%3E\" loading=\"eager\"><\/span><span class=\"fg-image-overlay\"><\/span><\/a><\/figure><div class=\"fg-loader\"><\/div><\/div><div class=\"fg-item fg-type-image fg-idle\"><figure class=\"fg-item-inner\"><a href=\"https:\/\/www.club-mouche-languedoc.fr\/wp-content\/uploads\/2024\/12\/2024-11-09-Roussillou-14.jpg\" data-attachment-id=\"2106\" data-type=\"image\" class=\"fg-thumb\"><span class=\"fg-image-wrap\"><img decoding=\"async\" width=\"150\" height=\"150\" class=\"skip-lazy fg-image\" data-src-fg=\"https:\/\/www.club-mouche-languedoc.fr\/wp-content\/uploads\/cache\/2024\/12\/2024-11-09-Roussillou-14\/1479097945.jpg\" src=\"data:image\/svg+xml,%3Csvg%20xmlns%3D%22http%3A%2F%2Fwww.w3.org%2F2000%2Fsvg%22%20width%3D%22150%22%20height%3D%22150%22%20viewBox%3D%220%200%20150%20150%22%3E%3C%2Fsvg%3E\" loading=\"eager\"><\/span><span class=\"fg-image-overlay\"><\/span><\/a><\/figure><div class=\"fg-loader\"><\/div><\/div><div class=\"fg-item fg-type-image fg-idle\"><figure class=\"fg-item-inner\"><a href=\"https:\/\/www.club-mouche-languedoc.fr\/wp-content\/uploads\/2024\/12\/2024-11-09-Roussillou-15.jpg\" data-attachment-id=\"2107\" data-type=\"image\" class=\"fg-thumb\"><span class=\"fg-image-wrap\"><img decoding=\"async\" width=\"150\" height=\"150\" class=\"skip-lazy fg-image\" data-src-fg=\"https:\/\/www.club-mouche-languedoc.fr\/wp-content\/uploads\/cache\/2024\/12\/2024-11-09-Roussillou-15\/2330753081.jpg\" src=\"data:image\/svg+xml,%3Csvg%20xmlns%3D%22http%3A%2F%2Fwww.w3.org%2F2000%2Fsvg%22%20width%3D%22150%22%20height%3D%22150%22%20viewBox%3D%220%200%20150%20150%22%3E%3C%2Fsvg%3E\" loading=\"eager\"><\/span><span class=\"fg-image-overlay\"><\/span><\/a><\/figure><div class=\"fg-loader\"><\/div><\/div><div class=\"fg-item fg-type-image fg-idle\"><figure class=\"fg-item-inner\"><a href=\"https:\/\/www.club-mouche-languedoc.fr\/wp-content\/uploads\/2024\/12\/2024-11-09-Roussillou-16.jpg\" data-attachment-id=\"2108\" data-type=\"image\" class=\"fg-thumb\"><span class=\"fg-image-wrap\"><img decoding=\"async\" width=\"150\" height=\"150\" class=\"skip-lazy fg-image\" data-src-fg=\"https:\/\/www.club-mouche-languedoc.fr\/wp-content\/uploads\/cache\/2024\/12\/2024-11-09-Roussillou-16\/2887096528.jpg\" src=\"data:image\/svg+xml,%3Csvg%20xmlns%3D%22http%3A%2F%2Fwww.w3.org%2F2000%2Fsvg%22%20width%3D%22150%22%20height%3D%22150%22%20viewBox%3D%220%200%20150%20150%22%3E%3C%2Fsvg%3E\" loading=\"eager\"><\/span><span class=\"fg-image-overlay\"><\/span><\/a><\/figure><div class=\"fg-loader\"><\/div><\/div><div class=\"fg-item fg-type-image fg-idle\"><figure class=\"fg-item-inner\"><a href=\"https:\/\/www.club-mouche-languedoc.fr\/wp-content\/uploads\/2024\/12\/2024-11-09-Roussillou-17.jpg\" data-caption-title=\"Lac du Roussillou\nPhoto : Bernard Boussagol\" data-attachment-id=\"2109\" data-type=\"image\" class=\"fg-thumb\"><span class=\"fg-image-wrap\"><img decoding=\"async\" title=\"Lac du Roussillou\nPhoto : Bernard Boussagol\" width=\"150\" height=\"150\" class=\"skip-lazy fg-image\" data-src-fg=\"https:\/\/www.club-mouche-languedoc.fr\/wp-content\/uploads\/cache\/2024\/12\/2024-11-09-Roussillou-17\/2127617712.jpg\" src=\"data:image\/svg+xml,%3Csvg%20xmlns%3D%22http%3A%2F%2Fwww.w3.org%2F2000%2Fsvg%22%20width%3D%22150%22%20height%3D%22150%22%20viewBox%3D%220%200%20150%20150%22%3E%3C%2Fsvg%3E\" loading=\"eager\"><\/span><span class=\"fg-image-overlay\"><\/span><\/a><figcaption class=\"fg-caption\"><div class=\"fg-caption-inner\"><div class=\"fg-caption-title\">Lac du Roussillou\nPhoto : Bernard Boussagol<\/div><\/div><\/figcaption><\/figure><div class=\"fg-loader\"><\/div><\/div><div class=\"fg-item fg-type-image fg-idle\"><figure class=\"fg-item-inner\"><a href=\"https:\/\/www.club-mouche-languedoc.fr\/wp-content\/uploads\/2024\/12\/2024-11-09-Roussillou-18.jpg\" data-caption-title=\"Lac du Roussillou\nPhoto : Bernard Boussagol\" data-attachment-id=\"2110\" data-type=\"image\" class=\"fg-thumb\"><span class=\"fg-image-wrap\"><img decoding=\"async\" title=\"Lac du Roussillou\nPhoto : Bernard Boussagol\" width=\"150\" height=\"150\" class=\"skip-lazy fg-image\" data-src-fg=\"https:\/\/www.club-mouche-languedoc.fr\/wp-content\/uploads\/cache\/2024\/12\/2024-11-09-Roussillou-18\/285085007.jpg\" src=\"data:image\/svg+xml,%3Csvg%20xmlns%3D%22http%3A%2F%2Fwww.w3.org%2F2000%2Fsvg%22%20width%3D%22150%22%20height%3D%22150%22%20viewBox%3D%220%200%20150%20150%22%3E%3C%2Fsvg%3E\" loading=\"eager\"><\/span><span class=\"fg-image-overlay\"><\/span><\/a><figcaption class=\"fg-caption\"><div class=\"fg-caption-inner\"><div class=\"fg-caption-title\">Lac du Roussillou\nPhoto : Bernard Boussagol<\/div><\/div><\/figcaption><\/figure><div class=\"fg-loader\"><\/div><\/div><div class=\"fg-item fg-type-image fg-idle\"><figure class=\"fg-item-inner\"><a href=\"https:\/\/www.club-mouche-languedoc.fr\/wp-content\/uploads\/2024\/12\/2024-11-10-Estives-01.jpg\" data-caption-title=\"Lac des Estives\nPhoto : Olivier Verger\" data-attachment-id=\"2128\" data-type=\"image\" class=\"fg-thumb\"><span class=\"fg-image-wrap\"><img decoding=\"async\" title=\"Lac des Estives\nPhoto : Olivier Verger\" width=\"150\" height=\"150\" class=\"skip-lazy fg-image\" data-src-fg=\"https:\/\/www.club-mouche-languedoc.fr\/wp-content\/uploads\/cache\/2024\/12\/2024-11-10-Estives-01\/550790961.jpg\" src=\"data:image\/svg+xml,%3Csvg%20xmlns%3D%22http%3A%2F%2Fwww.w3.org%2F2000%2Fsvg%22%20width%3D%22150%22%20height%3D%22150%22%20viewBox%3D%220%200%20150%20150%22%3E%3C%2Fsvg%3E\" loading=\"eager\"><\/span><span class=\"fg-image-overlay\"><\/span><\/a><figcaption class=\"fg-caption\"><div class=\"fg-caption-inner\"><div class=\"fg-caption-title\">Lac des Estives\nPhoto : Olivier Verger<\/div><\/div><\/figcaption><\/figure><div class=\"fg-loader\"><\/div><\/div><div class=\"fg-item fg-type-image fg-idle\"><figure class=\"fg-item-inner\"><a href=\"https:\/\/www.club-mouche-languedoc.fr\/wp-content\/uploads\/2024\/12\/2024-11-10-Estives-02.jpg\" data-caption-title=\"Lac des Estives\nPhoto : Olivier Verger\" data-attachment-id=\"2127\" data-type=\"image\" class=\"fg-thumb\"><span class=\"fg-image-wrap\"><img decoding=\"async\" title=\"Lac des Estives\nPhoto : Olivier Verger\" width=\"150\" height=\"150\" class=\"skip-lazy fg-image\" data-src-fg=\"https:\/\/www.club-mouche-languedoc.fr\/wp-content\/uploads\/cache\/2024\/12\/2024-11-10-Estives-02\/4179196209.jpg\" src=\"data:image\/svg+xml,%3Csvg%20xmlns%3D%22http%3A%2F%2Fwww.w3.org%2F2000%2Fsvg%22%20width%3D%22150%22%20height%3D%22150%22%20viewBox%3D%220%200%20150%20150%22%3E%3C%2Fsvg%3E\" loading=\"eager\"><\/span><span class=\"fg-image-overlay\"><\/span><\/a><figcaption class=\"fg-caption\"><div class=\"fg-caption-inner\"><div class=\"fg-caption-title\">Lac des Estives\nPhoto : Olivier Verger<\/div><\/div><\/figcaption><\/figure><div class=\"fg-loader\"><\/div><\/div><div class=\"fg-item fg-type-image fg-idle\"><figure class=\"fg-item-inner\"><a href=\"https:\/\/www.club-mouche-languedoc.fr\/wp-content\/uploads\/2024\/12\/2024-11-10-Estives-03.jpg\" data-caption-title=\"Lac des Estives\nPhoto : Olivier Verger\" data-attachment-id=\"2126\" data-type=\"image\" class=\"fg-thumb\"><span class=\"fg-image-wrap\"><img decoding=\"async\" title=\"Lac des Estives\nPhoto : Olivier Verger\" width=\"150\" height=\"150\" class=\"skip-lazy fg-image\" data-src-fg=\"https:\/\/www.club-mouche-languedoc.fr\/wp-content\/uploads\/cache\/2024\/12\/2024-11-10-Estives-03\/3307810051.jpg\" src=\"data:image\/svg+xml,%3Csvg%20xmlns%3D%22http%3A%2F%2Fwww.w3.org%2F2000%2Fsvg%22%20width%3D%22150%22%20height%3D%22150%22%20viewBox%3D%220%200%20150%20150%22%3E%3C%2Fsvg%3E\" loading=\"eager\"><\/span><span class=\"fg-image-overlay\"><\/span><\/a><figcaption class=\"fg-caption\"><div class=\"fg-caption-inner\"><div class=\"fg-caption-title\">Lac des Estives\nPhoto : Olivier Verger<\/div><\/div><\/figcaption><\/figure><div class=\"fg-loader\"><\/div><\/div><div class=\"fg-item fg-type-image fg-idle\"><figure class=\"fg-item-inner\"><a href=\"https:\/\/www.club-mouche-languedoc.fr\/wp-content\/uploads\/2024\/12\/2024-11-10-Estives-04.jpg\" data-caption-title=\"Lac des Estives\nPhoto : Olivier Verger\" data-attachment-id=\"2125\" data-type=\"image\" class=\"fg-thumb\"><span class=\"fg-image-wrap\"><img decoding=\"async\" title=\"Lac des Estives\nPhoto : Olivier Verger\" width=\"150\" height=\"150\" class=\"skip-lazy fg-image\" data-src-fg=\"https:\/\/www.club-mouche-languedoc.fr\/wp-content\/uploads\/cache\/2024\/12\/2024-11-10-Estives-04\/87285679.jpg\" src=\"data:image\/svg+xml,%3Csvg%20xmlns%3D%22http%3A%2F%2Fwww.w3.org%2F2000%2Fsvg%22%20width%3D%22150%22%20height%3D%22150%22%20viewBox%3D%220%200%20150%20150%22%3E%3C%2Fsvg%3E\" loading=\"eager\"><\/span><span class=\"fg-image-overlay\"><\/span><\/a><figcaption class=\"fg-caption\"><div class=\"fg-caption-inner\"><div class=\"fg-caption-title\">Lac des Estives\nPhoto : Olivier Verger<\/div><\/div><\/figcaption><\/figure><div class=\"fg-loader\"><\/div><\/div><div class=\"fg-item fg-type-image fg-idle\"><figure class=\"fg-item-inner\"><a href=\"https:\/\/www.club-mouche-languedoc.fr\/wp-content\/uploads\/2024\/12\/2024-11-10-Estives-05.jpg\" data-caption-title=\"Lac des Estives\nPhoto : Olivier Verger\" data-attachment-id=\"2124\" data-type=\"image\" class=\"fg-thumb\"><span class=\"fg-image-wrap\"><img decoding=\"async\" title=\"Lac des Estives\nPhoto : Olivier Verger\" width=\"150\" height=\"150\" class=\"skip-lazy fg-image\" data-src-fg=\"https:\/\/www.club-mouche-languedoc.fr\/wp-content\/uploads\/cache\/2024\/12\/2024-11-10-Estives-05\/956533661.jpg\" src=\"data:image\/svg+xml,%3Csvg%20xmlns%3D%22http%3A%2F%2Fwww.w3.org%2F2000%2Fsvg%22%20width%3D%22150%22%20height%3D%22150%22%20viewBox%3D%220%200%20150%20150%22%3E%3C%2Fsvg%3E\" loading=\"eager\"><\/span><span class=\"fg-image-overlay\"><\/span><\/a><figcaption class=\"fg-caption\"><div class=\"fg-caption-inner\"><div class=\"fg-caption-title\">Lac des Estives\nPhoto : Olivier Verger<\/div><\/div><\/figcaption><\/figure><div class=\"fg-loader\"><\/div><\/div><div class=\"fg-item fg-type-image fg-idle\"><figure class=\"fg-item-inner\"><a href=\"https:\/\/www.club-mouche-languedoc.fr\/wp-content\/uploads\/2024\/12\/2024-11-10-Estives-06.jpg\" data-caption-title=\"Lac des Estives\nPhoto : Olivier Verger\" data-attachment-id=\"2123\" data-type=\"image\" class=\"fg-thumb\"><span class=\"fg-image-wrap\"><img decoding=\"async\" title=\"Lac des Estives\nPhoto : Olivier Verger\" width=\"150\" height=\"150\" class=\"skip-lazy fg-image\" data-src-fg=\"https:\/\/www.club-mouche-languedoc.fr\/wp-content\/uploads\/cache\/2024\/12\/2024-11-10-Estives-06\/165161465.jpg\" src=\"data:image\/svg+xml,%3Csvg%20xmlns%3D%22http%3A%2F%2Fwww.w3.org%2F2000%2Fsvg%22%20width%3D%22150%22%20height%3D%22150%22%20viewBox%3D%220%200%20150%20150%22%3E%3C%2Fsvg%3E\" loading=\"eager\"><\/span><span class=\"fg-image-overlay\"><\/span><\/a><figcaption class=\"fg-caption\"><div class=\"fg-caption-inner\"><div class=\"fg-caption-title\">Lac des Estives\nPhoto : Olivier Verger<\/div><\/div><\/figcaption><\/figure><div class=\"fg-loader\"><\/div><\/div><div class=\"fg-item fg-type-image fg-idle\"><figure class=\"fg-item-inner\"><a href=\"https:\/\/www.club-mouche-languedoc.fr\/wp-content\/uploads\/2024\/12\/2024-11-10-Estives-07.jpg\" data-caption-title=\"Lac des Estives\nPhoto : Olivier Verger\" data-attachment-id=\"2122\" data-type=\"image\" class=\"fg-thumb\"><span class=\"fg-image-wrap\"><img decoding=\"async\" title=\"Lac des Estives\nPhoto : Olivier Verger\" width=\"150\" height=\"150\" class=\"skip-lazy fg-image\" data-src-fg=\"https:\/\/www.club-mouche-languedoc.fr\/wp-content\/uploads\/cache\/2024\/12\/2024-11-10-Estives-07\/904429003.jpg\" src=\"data:image\/svg+xml,%3Csvg%20xmlns%3D%22http%3A%2F%2Fwww.w3.org%2F2000%2Fsvg%22%20width%3D%22150%22%20height%3D%22150%22%20viewBox%3D%220%200%20150%20150%22%3E%3C%2Fsvg%3E\" loading=\"eager\"><\/span><span class=\"fg-image-overlay\"><\/span><\/a><figcaption class=\"fg-caption\"><div class=\"fg-caption-inner\"><div class=\"fg-caption-title\">Lac des Estives\nPhoto : Olivier Verger<\/div><\/div><\/figcaption><\/figure><div class=\"fg-loader\"><\/div><\/div><div class=\"fg-item fg-type-image fg-idle\"><figure class=\"fg-item-inner\"><a href=\"https:\/\/www.club-mouche-languedoc.fr\/wp-content\/uploads\/2024\/12\/2024-11-10-Estives-08.jpg\" data-caption-title=\"Lac des Estives\nPhoto : Olivier Verger\" data-attachment-id=\"2121\" data-type=\"image\" class=\"fg-thumb\"><span class=\"fg-image-wrap\"><img decoding=\"async\" title=\"Lac des Estives\nPhoto : Olivier Verger\" width=\"150\" height=\"150\" class=\"skip-lazy fg-image\" data-src-fg=\"https:\/\/www.club-mouche-languedoc.fr\/wp-content\/uploads\/cache\/2024\/12\/2024-11-10-Estives-08\/639079634.jpg\" src=\"data:image\/svg+xml,%3Csvg%20xmlns%3D%22http%3A%2F%2Fwww.w3.org%2F2000%2Fsvg%22%20width%3D%22150%22%20height%3D%22150%22%20viewBox%3D%220%200%20150%20150%22%3E%3C%2Fsvg%3E\" loading=\"eager\"><\/span><span class=\"fg-image-overlay\"><\/span><\/a><figcaption class=\"fg-caption\"><div class=\"fg-caption-inner\"><div class=\"fg-caption-title\">Lac des Estives\nPhoto : Olivier Verger<\/div><\/div><\/figcaption><\/figure><div class=\"fg-loader\"><\/div><\/div><div class=\"fg-item fg-type-image fg-idle\"><figure class=\"fg-item-inner\"><a href=\"https:\/\/www.club-mouche-languedoc.fr\/wp-content\/uploads\/2024\/12\/2024-11-11-Graves-01.jpg\" data-caption-title=\"Lac des Graves\nPhoto : Jacky Reimund\" data-attachment-id=\"2119\" data-type=\"image\" class=\"fg-thumb\"><span class=\"fg-image-wrap\"><img decoding=\"async\" title=\"Lac des Graves\nPhoto : Jacky Reimund\" width=\"150\" height=\"150\" class=\"skip-lazy fg-image\" data-src-fg=\"https:\/\/www.club-mouche-languedoc.fr\/wp-content\/uploads\/cache\/2024\/12\/2024-11-11-Graves-01\/767803337.jpg\" src=\"data:image\/svg+xml,%3Csvg%20xmlns%3D%22http%3A%2F%2Fwww.w3.org%2F2000%2Fsvg%22%20width%3D%22150%22%20height%3D%22150%22%20viewBox%3D%220%200%20150%20150%22%3E%3C%2Fsvg%3E\" loading=\"eager\"><\/span><span class=\"fg-image-overlay\"><\/span><\/a><figcaption class=\"fg-caption\"><div class=\"fg-caption-inner\"><div class=\"fg-caption-title\">Lac des Graves\nPhoto : Jacky Reimund<\/div><\/div><\/figcaption><\/figure><div class=\"fg-loader\"><\/div><\/div><div class=\"fg-item fg-type-image fg-idle\"><figure class=\"fg-item-inner\"><a href=\"https:\/\/www.club-mouche-languedoc.fr\/wp-content\/uploads\/2024\/12\/2024-11-11-Graves-02.jpg\" data-caption-title=\"Lac des Graves\nPhoto : Olivier Verger\" data-attachment-id=\"2118\" data-type=\"image\" class=\"fg-thumb\"><span class=\"fg-image-wrap\"><img decoding=\"async\" title=\"Lac des Graves\nPhoto : Olivier Verger\" width=\"150\" height=\"150\" class=\"skip-lazy fg-image\" data-src-fg=\"https:\/\/www.club-mouche-languedoc.fr\/wp-content\/uploads\/cache\/2024\/12\/2024-11-11-Graves-02\/915099834.jpg\" src=\"data:image\/svg+xml,%3Csvg%20xmlns%3D%22http%3A%2F%2Fwww.w3.org%2F2000%2Fsvg%22%20width%3D%22150%22%20height%3D%22150%22%20viewBox%3D%220%200%20150%20150%22%3E%3C%2Fsvg%3E\" loading=\"eager\"><\/span><span class=\"fg-image-overlay\"><\/span><\/a><figcaption class=\"fg-caption\"><div class=\"fg-caption-inner\"><div class=\"fg-caption-title\">Lac des Graves\nPhoto : Olivier Verger<\/div><\/div><\/figcaption><\/figure><div class=\"fg-loader\"><\/div><\/div><div class=\"fg-item fg-type-image fg-idle\"><figure class=\"fg-item-inner\"><a href=\"https:\/\/www.club-mouche-languedoc.fr\/wp-content\/uploads\/2024\/12\/2024-11-11-Graves-03.jpg\" data-caption-title=\"Lac des Graves\nPhoto : Olivier Verger\" data-attachment-id=\"2117\" data-type=\"image\" class=\"fg-thumb\"><span class=\"fg-image-wrap\"><img decoding=\"async\" title=\"Lac des Graves\nPhoto : Olivier Verger\" width=\"150\" height=\"150\" class=\"skip-lazy fg-image\" data-src-fg=\"https:\/\/www.club-mouche-languedoc.fr\/wp-content\/uploads\/cache\/2024\/12\/2024-11-11-Graves-03\/3498939984.jpg\" src=\"data:image\/svg+xml,%3Csvg%20xmlns%3D%22http%3A%2F%2Fwww.w3.org%2F2000%2Fsvg%22%20width%3D%22150%22%20height%3D%22150%22%20viewBox%3D%220%200%20150%20150%22%3E%3C%2Fsvg%3E\" loading=\"eager\"><\/span><span class=\"fg-image-overlay\"><\/span><\/a><figcaption class=\"fg-caption\"><div class=\"fg-caption-inner\"><div class=\"fg-caption-title\">Lac des Graves\nPhoto : Olivier Verger<\/div><\/div><\/figcaption><\/figure><div class=\"fg-loader\"><\/div><\/div><div class=\"fg-item fg-type-image fg-idle\"><figure class=\"fg-item-inner\"><a href=\"https:\/\/www.club-mouche-languedoc.fr\/wp-content\/uploads\/2024\/12\/2024-11-11-Graves-04.jpg\" data-caption-title=\"Lac des Graves\nPhoto : Olivier Verger\" data-attachment-id=\"2134\" data-type=\"image\" class=\"fg-thumb\"><span class=\"fg-image-wrap\"><img decoding=\"async\" title=\"Lac des Graves\nPhoto : Olivier Verger\" width=\"150\" height=\"150\" class=\"skip-lazy fg-image\" data-src-fg=\"https:\/\/www.club-mouche-languedoc.fr\/wp-content\/uploads\/cache\/2024\/12\/2024-11-11-Graves-04\/2234781601.jpg\" src=\"data:image\/svg+xml,%3Csvg%20xmlns%3D%22http%3A%2F%2Fwww.w3.org%2F2000%2Fsvg%22%20width%3D%22150%22%20height%3D%22150%22%20viewBox%3D%220%200%20150%20150%22%3E%3C%2Fsvg%3E\" loading=\"eager\"><\/span><span class=\"fg-image-overlay\"><\/span><\/a><figcaption class=\"fg-caption\"><div class=\"fg-caption-inner\"><div class=\"fg-caption-title\">Lac des Graves\nPhoto : Olivier Verger<\/div><\/div><\/figcaption><\/figure><div class=\"fg-loader\"><\/div><\/div><div class=\"fg-item fg-type-image fg-idle\"><figure class=\"fg-item-inner\"><a href=\"https:\/\/www.club-mouche-languedoc.fr\/wp-content\/uploads\/2024\/12\/2024-11-11-Graves-05.jpg\" data-caption-title=\"Lac des Graves\nPhoto : Olivier Verger\" data-attachment-id=\"2133\" data-type=\"image\" class=\"fg-thumb\"><span class=\"fg-image-wrap\"><img decoding=\"async\" title=\"Lac des Graves\nPhoto : Olivier Verger\" width=\"150\" height=\"150\" class=\"skip-lazy fg-image\" data-src-fg=\"https:\/\/www.club-mouche-languedoc.fr\/wp-content\/uploads\/cache\/2024\/12\/2024-11-11-Graves-05\/371955789.jpg\" src=\"data:image\/svg+xml,%3Csvg%20xmlns%3D%22http%3A%2F%2Fwww.w3.org%2F2000%2Fsvg%22%20width%3D%22150%22%20height%3D%22150%22%20viewBox%3D%220%200%20150%20150%22%3E%3C%2Fsvg%3E\" loading=\"eager\"><\/span><span class=\"fg-image-overlay\"><\/span><\/a><figcaption class=\"fg-caption\"><div class=\"fg-caption-inner\"><div class=\"fg-caption-title\">Lac des Graves\nPhoto : Olivier Verger<\/div><\/div><\/figcaption><\/figure><div class=\"fg-loader\"><\/div><\/div><div class=\"fg-item fg-type-image fg-idle\"><figure class=\"fg-item-inner\"><a href=\"https:\/\/www.club-mouche-languedoc.fr\/wp-content\/uploads\/2024\/12\/2024-11-11-Graves-06.jpg\" data-caption-title=\"Lac des Graves\nPhoto : Olivier Verger\" data-attachment-id=\"2132\" data-type=\"image\" class=\"fg-thumb\"><span class=\"fg-image-wrap\"><img decoding=\"async\" title=\"Lac des Graves\nPhoto : Olivier Verger\" width=\"150\" height=\"150\" class=\"skip-lazy fg-image\" data-src-fg=\"https:\/\/www.club-mouche-languedoc.fr\/wp-content\/uploads\/cache\/2024\/12\/2024-11-11-Graves-06\/224622398.jpg\" src=\"data:image\/svg+xml,%3Csvg%20xmlns%3D%22http%3A%2F%2Fwww.w3.org%2F2000%2Fsvg%22%20width%3D%22150%22%20height%3D%22150%22%20viewBox%3D%220%200%20150%20150%22%3E%3C%2Fsvg%3E\" loading=\"eager\"><\/span><span class=\"fg-image-overlay\"><\/span><\/a><figcaption class=\"fg-caption\"><div class=\"fg-caption-inner\"><div class=\"fg-caption-title\">Lac des Graves\nPhoto : Olivier Verger<\/div><\/div><\/figcaption><\/figure><div class=\"fg-loader\"><\/div><\/div><div class=\"fg-item fg-type-image fg-idle\"><figure class=\"fg-item-inner\"><a href=\"https:\/\/www.club-mouche-languedoc.fr\/wp-content\/uploads\/2024\/12\/2024-11-11-Graves-07.jpg\" data-caption-title=\"Lac des Graves\nPhoto : Olivier Verger\" data-attachment-id=\"2131\" data-type=\"image\" class=\"fg-thumb\"><span class=\"fg-image-wrap\"><img decoding=\"async\" title=\"Lac des Graves\nPhoto : Olivier Verger\" width=\"150\" height=\"150\" class=\"skip-lazy fg-image\" data-src-fg=\"https:\/\/www.club-mouche-languedoc.fr\/wp-content\/uploads\/cache\/2024\/12\/2024-11-11-Graves-07\/2767210577.jpg\" src=\"data:image\/svg+xml,%3Csvg%20xmlns%3D%22http%3A%2F%2Fwww.w3.org%2F2000%2Fsvg%22%20width%3D%22150%22%20height%3D%22150%22%20viewBox%3D%220%200%20150%20150%22%3E%3C%2Fsvg%3E\" loading=\"eager\"><\/span><span class=\"fg-image-overlay\"><\/span><\/a><figcaption class=\"fg-caption\"><div class=\"fg-caption-inner\"><div class=\"fg-caption-title\">Lac des Graves\nPhoto : Olivier Verger<\/div><\/div><\/figcaption><\/figure><div class=\"fg-loader\"><\/div><\/div><div class=\"fg-item fg-type-image fg-idle\"><figure class=\"fg-item-inner\"><a href=\"https:\/\/www.club-mouche-languedoc.fr\/wp-content\/uploads\/2024\/12\/2024-11-11-Graves-08.jpg\" data-caption-title=\"Lac des Graves\nPhoto : Olivier Verger\" data-attachment-id=\"2130\" data-type=\"image\" class=\"fg-thumb\"><span class=\"fg-image-wrap\"><img decoding=\"async\" title=\"Lac des Graves\nPhoto : Olivier Verger\" width=\"150\" height=\"150\" class=\"skip-lazy fg-image\" data-src-fg=\"https:\/\/www.club-mouche-languedoc.fr\/wp-content\/uploads\/cache\/2024\/12\/2024-11-11-Graves-08\/3893867117.jpg\" src=\"data:image\/svg+xml,%3Csvg%20xmlns%3D%22http%3A%2F%2Fwww.w3.org%2F2000%2Fsvg%22%20width%3D%22150%22%20height%3D%22150%22%20viewBox%3D%220%200%20150%20150%22%3E%3C%2Fsvg%3E\" loading=\"eager\"><\/span><span class=\"fg-image-overlay\"><\/span><\/a><figcaption class=\"fg-caption\"><div class=\"fg-caption-inner\"><div class=\"fg-caption-title\">Lac des Graves\nPhoto : Olivier Verger<\/div><\/div><\/figcaption><\/figure><div class=\"fg-loader\"><\/div><\/div><div class=\"fg-item fg-type-image fg-idle\"><figure class=\"fg-item-inner\"><a href=\"https:\/\/www.club-mouche-languedoc.fr\/wp-content\/uploads\/2024\/12\/2024-11-11-Graves-09.jpg\" data-caption-title=\"Lac des Graves\nPhoto : Olivier Verger\" data-attachment-id=\"2129\" data-type=\"image\" class=\"fg-thumb\"><span class=\"fg-image-wrap\"><img decoding=\"async\" title=\"Lac des Graves\nPhoto : Olivier Verger\" width=\"150\" height=\"150\" class=\"skip-lazy fg-image\" data-src-fg=\"https:\/\/www.club-mouche-languedoc.fr\/wp-content\/uploads\/cache\/2024\/12\/2024-11-11-Graves-09\/888758217.jpg\" src=\"data:image\/svg+xml,%3Csvg%20xmlns%3D%22http%3A%2F%2Fwww.w3.org%2F2000%2Fsvg%22%20width%3D%22150%22%20height%3D%22150%22%20viewBox%3D%220%200%20150%20150%22%3E%3C%2Fsvg%3E\" loading=\"eager\"><\/span><span class=\"fg-image-overlay\"><\/span><\/a><figcaption class=\"fg-caption\"><div class=\"fg-caption-inner\"><div class=\"fg-caption-title\">Lac des Graves\nPhoto : Olivier Verger<\/div><\/div><\/figcaption><\/figure><div class=\"fg-loader\"><\/div><\/div><\/div>\n\n\n\n\n<p>Grand merci \u00e0 Christian pour l&rsquo;organisation de cette sortie !<br>C&rsquo;etait parfait, comme d&rsquo;habitude !<\/p>\n\n\n\n<figure class=\"wp-block-image size-large\"><img loading=\"lazy\" decoding=\"async\" width=\"768\" height=\"1024\" src=\"https:\/\/www.club-mouche-languedoc.fr\/wp-content\/uploads\/2024\/12\/2024-11-11-Graves-768x1024.jpg\" alt=\"\" class=\"wp-image-2120\" srcset=\"https:\/\/www.club-mouche-languedoc.fr\/wp-content\/uploads\/2024\/12\/2024-11-11-Graves-768x1024.jpg 768w, https:\/\/www.club-mouche-languedoc.fr\/wp-content\/uploads\/2024\/12\/2024-11-11-Graves-225x300.jpg 225w, https:\/\/www.club-mouche-languedoc.fr\/wp-content\/uploads\/2024\/12\/2024-11-11-Graves-1152x1536.jpg 1152w, https:\/\/www.club-mouche-languedoc.fr\/wp-content\/uploads\/2024\/12\/2024-11-11-Graves.jpg 1200w\" sizes=\"auto, (max-width: 767px) 89vw, (max-width: 1000px) 54vw, (max-width: 1071px) 543px, 580px\" \/><\/figure>\n","protected":false},"excerpt":{"rendered":"<p>En ce long weekend du 11 novembre, le club se d\u00e9pla\u00e7ait dans le Cantal, pour p\u00eacher les lacs du Roussillou, des Estives et des Graves.Les participants s&rsquo;\u00e9taient donn\u00e9 rendez-vous le vendredi soir \u00e0 partir de 18h aux gites Cantal Emotion \u00e0 Valette. Grand merci \u00e0 Christian pour l&rsquo;organisation de cette sortie !C&rsquo;etait parfait, comme d&rsquo;habitude &hellip; <\/p>\n<p class=\"link-more\"><a href=\"https:\/\/www.club-mouche-languedoc.fr\/index.php\/2024\/11\/14\/sortie-reservoir-dans-le-cantal-2\/\" class=\"more-link\">Continuer la lecture<span class=\"screen-reader-text\"> de &laquo;&nbsp;Sortie r\u00e9servoir dans le Cantal&nbsp;&raquo;<\/span><\/a><\/p>\n","protected":false},"author":1,"featured_media":0,"comment_status":"closed","ping_status":"closed","sticky":false,"template":"","format":"standard","meta":{"footnotes":""},"categories":[12,8],"tags":[7,18],"class_list":["post-2057","post","type-post","status-publish","format-standard","hentry","category-annonces","category-sorties-club","tag-reservoir","tag-sorties"],"_links":{"self":[{"href":"https:\/\/www.club-mouche-languedoc.fr\/index.php\/wp-json\/wp\/v2\/posts\/2057","targetHints":{"allow":["GET"]}}],"collection":[{"href":"https:\/\/www.club-mouche-languedoc.fr\/index.php\/wp-json\/wp\/v2\/posts"}],"about":[{"href":"https:\/\/www.club-mouche-languedoc.fr\/index.php\/wp-json\/wp\/v2\/types\/post"}],"author":[{"embeddable":true,"href":"https:\/\/www.club-mouche-languedoc.fr\/index.php\/wp-json\/wp\/v2\/users\/1"}],"replies":[{"embeddable":true,"href":"https:\/\/www.club-mouche-languedoc.fr\/index.php\/wp-json\/wp\/v2\/comments?post=2057"}],"version-history":[{"count":2,"href":"https:\/\/www.club-mouche-languedoc.fr\/index.php\/wp-json\/wp\/v2\/posts\/2057\/revisions"}],"predecessor-version":[{"id":2135,"href":"https:\/\/www.club-mouche-languedoc.fr\/index.php\/wp-json\/wp\/v2\/posts\/2057\/revisions\/2135"}],"wp:attachment":[{"href":"https:\/\/www.club-mouche-languedoc.fr\/index.php\/wp-json\/wp\/v2\/media?parent=2057"}],"wp:term":[{"taxonomy":"category","embeddable":true,"href":"https:\/\/www.club-mouche-languedoc.fr\/index.php\/wp-json\/wp\/v2\/categories?post=2057"},{"taxonomy":"post_tag","embeddable":true,"href":"https:\/\/www.club-mouche-languedoc.fr\/index.php\/wp-json\/wp\/v2\/tags?post=2057"}],"curies":[{"name":"wp","href":"https:\/\/api.w.org\/{rel}","templated":true}]}}