{"id":195,"date":"2021-09-06T12:59:00","date_gmt":"2021-09-06T10:59:00","guid":{"rendered":"https:\/\/www.club-mouche-languedoc.fr\/?p=195"},"modified":"2021-12-24T11:52:35","modified_gmt":"2021-12-24T10:52:35","slug":"apres-la-pause-estivale","status":"publish","type":"post","link":"https:\/\/www.club-mouche-languedoc.fr\/index.php\/2021\/09\/06\/apres-la-pause-estivale\/","title":{"rendered":"Apr\u00e8s la pause estivale&#8230;"},"content":{"rendered":"\n<p>Septembre est de retour, les vacances scolaires et les cong\u00e9s sont termin\u00e9s pour beaucoup et la fermeture de la p\u00eache en premi\u00e8re cat\u00e9gorie approche&#8230;<br>Apr\u00e8s cette coupure estivale, notre club reprend ses activit\u00e9s.<\/p>\n\n\n\n<p>La salle Jo\u00ebl Bizet,  au palais des sports nous est \u00e0 nouveau accessible et les s\u00e9ances club du lundi vont reprendre ! <br>Le programme n&rsquo;est pas encore totalement arr\u00eat\u00e9, mais nous reprenons le rythme de trois s\u00e9ances par mois, les 2<sup>eme<\/sup>, 3<sup>eme<\/sup> et 4<sup>eme<\/sup> lundis.<\/p>\n\n\n\n<p>Cot\u00e9 &lsquo;casting&rsquo;, le centre AquaP\u00eache de Pouzols va reprendre son fonctionnement hivernal \u00e0 partir du mois prochain.  Le calendrier ne devrait pas changer par rapport \u00e0 l&rsquo;an pass\u00e9  et nous aurons acc\u00e8s au site les 3<sup>eme<\/sup> et 4<sup>eme<\/sup> samedi \u00e0 partir du mois de novembre. <br>Les sorties sur la Lergue en seconde cat\u00e9gorie devraient \u00e9galement reprendre d\u00e8s que les niveaux d&rsquo;eau seront revenus \u00e0 la normale&#8230;<\/p>\n","protected":false},"excerpt":{"rendered":"<p>Septembre est de retour, les vacances scolaires et les cong\u00e9s sont termin\u00e9s pour beaucoup et la fermeture de la p\u00eache en premi\u00e8re cat\u00e9gorie approche&#8230;Apr\u00e8s cette coupure estivale, notre club reprend ses activit\u00e9s. La salle Jo\u00ebl Bizet, au palais des sports nous est \u00e0 nouveau accessible et les s\u00e9ances club du lundi vont reprendre ! Le &hellip; <\/p>\n<p class=\"link-more\"><a href=\"https:\/\/www.club-mouche-languedoc.fr\/index.php\/2021\/09\/06\/apres-la-pause-estivale\/\" class=\"more-link\">Continuer la lecture<span class=\"screen-reader-text\"> de &laquo;&nbsp;Apr\u00e8s la pause estivale&#8230;&nbsp;&raquo;<\/span><\/a><\/p>\n","protected":false},"author":1,"featured_media":0,"comment_status":"closed","ping_status":"closed","sticky":false,"template":"","format":"standard","meta":{"footnotes":""},"categories":[12],"tags":[],"class_list":["post-195","post","type-post","status-publish","format-standard","hentry","category-annonces"],"_links":{"self":[{"href":"https:\/\/www.club-mouche-languedoc.fr\/index.php\/wp-json\/wp\/v2\/posts\/195","targetHints":{"allow":["GET"]}}],"collection":[{"href":"https:\/\/www.club-mouche-languedoc.fr\/index.php\/wp-json\/wp\/v2\/posts"}],"about":[{"href":"https:\/\/www.club-mouche-languedoc.fr\/index.php\/wp-json\/wp\/v2\/types\/post"}],"author":[{"embeddable":true,"href":"https:\/\/www.club-mouche-languedoc.fr\/index.php\/wp-json\/wp\/v2\/users\/1"}],"replies":[{"embeddable":true,"href":"https:\/\/www.club-mouche-languedoc.fr\/index.php\/wp-json\/wp\/v2\/comments?post=195"}],"version-history":[{"count":1,"href":"https:\/\/www.club-mouche-languedoc.fr\/index.php\/wp-json\/wp\/v2\/posts\/195\/revisions"}],"predecessor-version":[{"id":196,"href":"https:\/\/www.club-mouche-languedoc.fr\/index.php\/wp-json\/wp\/v2\/posts\/195\/revisions\/196"}],"wp:attachment":[{"href":"https:\/\/www.club-mouche-languedoc.fr\/index.php\/wp-json\/wp\/v2\/media?parent=195"}],"wp:term":[{"taxonomy":"category","embeddable":true,"href":"https:\/\/www.club-mouche-languedoc.fr\/index.php\/wp-json\/wp\/v2\/categories?post=195"},{"taxonomy":"post_tag","embeddable":true,"href":"https:\/\/www.club-mouche-languedoc.fr\/index.php\/wp-json\/wp\/v2\/tags?post=195"}],"curies":[{"name":"wp","href":"https:\/\/api.w.org\/{rel}","templated":true}]}}