{"id":1453,"date":"2023-09-04T16:01:30","date_gmt":"2023-09-04T14:01:30","guid":{"rendered":"https:\/\/www.club-mouche-languedoc.fr\/?p=1453"},"modified":"2023-09-25T16:27:00","modified_gmt":"2023-09-25T14:27:00","slug":"forum-des-associations-a-castelnau-le-lez-2","status":"publish","type":"post","link":"https:\/\/www.club-mouche-languedoc.fr\/index.php\/2023\/09\/04\/forum-des-associations-a-castelnau-le-lez-2\/","title":{"rendered":"Forum des associations \u00e0 Castelnau-Le-Lez"},"content":{"rendered":"\n<p>Dimanche 3 septembre le club participait comme chaque ann\u00e9e au forum des associations de Castelnau. <br>Ce sont Ren\u00e9, Albert et Christian qui ont tenu le stand et r\u00e9pondu au questions des nombreux visiteurs, ce qui a valu au club quelques contacts int\u00e9ressants.<\/p>\n\n\n<div class=\"wp-block-image\">\n<figure class=\"aligncenter size-full\"><img loading=\"lazy\" decoding=\"async\" width=\"560\" height=\"373\" src=\"https:\/\/www.club-mouche-languedoc.fr\/wp-content\/uploads\/2023\/09\/WhatsApp-Image-2023-09-03-a-09.22.13-edited.jpg\" alt=\"\" class=\"wp-image-1456\" srcset=\"https:\/\/www.club-mouche-languedoc.fr\/wp-content\/uploads\/2023\/09\/WhatsApp-Image-2023-09-03-a-09.22.13-edited.jpg 560w, https:\/\/www.club-mouche-languedoc.fr\/wp-content\/uploads\/2023\/09\/WhatsApp-Image-2023-09-03-a-09.22.13-edited-300x200.jpg 300w\" sizes=\"auto, (max-width: 560px) 100vw, 560px\" \/><\/figure>\n<\/div>\n\n<div class=\"wp-block-image\">\n<figure class=\"aligncenter size-large is-resized\"><img loading=\"lazy\" decoding=\"async\" src=\"https:\/\/www.club-mouche-languedoc.fr\/wp-content\/uploads\/2023\/09\/WhatsApp-Image-2023-09-03-a-09.23.40-edited.jpg\" alt=\"\" class=\"wp-image-1457\" style=\"width:563px;height:375px\" width=\"563\" height=\"375\" srcset=\"https:\/\/www.club-mouche-languedoc.fr\/wp-content\/uploads\/2023\/09\/WhatsApp-Image-2023-09-03-a-09.23.40-edited.jpg 1471w, https:\/\/www.club-mouche-languedoc.fr\/wp-content\/uploads\/2023\/09\/WhatsApp-Image-2023-09-03-a-09.23.40-edited-300x200.jpg 300w, https:\/\/www.club-mouche-languedoc.fr\/wp-content\/uploads\/2023\/09\/WhatsApp-Image-2023-09-03-a-09.23.40-edited-1024x682.jpg 1024w, https:\/\/www.club-mouche-languedoc.fr\/wp-content\/uploads\/2023\/09\/WhatsApp-Image-2023-09-03-a-09.23.40-edited-768x512.jpg 768w\" sizes=\"auto, (max-width: 563px) 100vw, 563px\" \/><\/figure>\n<\/div>\n\n\n<p>A l&rsquo;an prochain !<\/p>\n","protected":false},"excerpt":{"rendered":"<p>Dimanche 3 septembre le club participait comme chaque ann\u00e9e au forum des associations de Castelnau. Ce sont Ren\u00e9, Albert et Christian qui ont tenu le stand et r\u00e9pondu au questions des nombreux visiteurs, ce qui a valu au club quelques contacts int\u00e9ressants. A l&rsquo;an prochain !<\/p>\n","protected":false},"author":1,"featured_media":0,"comment_status":"closed","ping_status":"closed","sticky":false,"template":"","format":"standard","meta":{"footnotes":""},"categories":[12],"tags":[36,17],"class_list":["post-1453","post","type-post","status-publish","format-standard","hentry","category-annonces","tag-animation","tag-communication"],"_links":{"self":[{"href":"https:\/\/www.club-mouche-languedoc.fr\/index.php\/wp-json\/wp\/v2\/posts\/1453","targetHints":{"allow":["GET"]}}],"collection":[{"href":"https:\/\/www.club-mouche-languedoc.fr\/index.php\/wp-json\/wp\/v2\/posts"}],"about":[{"href":"https:\/\/www.club-mouche-languedoc.fr\/index.php\/wp-json\/wp\/v2\/types\/post"}],"author":[{"embeddable":true,"href":"https:\/\/www.club-mouche-languedoc.fr\/index.php\/wp-json\/wp\/v2\/users\/1"}],"replies":[{"embeddable":true,"href":"https:\/\/www.club-mouche-languedoc.fr\/index.php\/wp-json\/wp\/v2\/comments?post=1453"}],"version-history":[{"count":1,"href":"https:\/\/www.club-mouche-languedoc.fr\/index.php\/wp-json\/wp\/v2\/posts\/1453\/revisions"}],"predecessor-version":[{"id":1458,"href":"https:\/\/www.club-mouche-languedoc.fr\/index.php\/wp-json\/wp\/v2\/posts\/1453\/revisions\/1458"}],"wp:attachment":[{"href":"https:\/\/www.club-mouche-languedoc.fr\/index.php\/wp-json\/wp\/v2\/media?parent=1453"}],"wp:term":[{"taxonomy":"category","embeddable":true,"href":"https:\/\/www.club-mouche-languedoc.fr\/index.php\/wp-json\/wp\/v2\/categories?post=1453"},{"taxonomy":"post_tag","embeddable":true,"href":"https:\/\/www.club-mouche-languedoc.fr\/index.php\/wp-json\/wp\/v2\/tags?post=1453"}],"curies":[{"name":"wp","href":"https:\/\/api.w.org\/{rel}","templated":true}]}}