{"id":1347,"date":"2023-06-27T00:15:00","date_gmt":"2023-06-26T22:15:00","guid":{"rendered":"https:\/\/www.club-mouche-languedoc.fr\/?p=1347"},"modified":"2023-08-09T17:35:54","modified_gmt":"2023-08-09T15:35:54","slug":"sortie-riviere-en-ariege","status":"publish","type":"post","link":"https:\/\/www.club-mouche-languedoc.fr\/index.php\/2023\/06\/27\/sortie-riviere-en-ariege\/","title":{"rendered":"Sortie rivi\u00e8re en Ari\u00e8ge"},"content":{"rendered":"\n<p>Une sortie en <strong><em>Ari\u00e8ge<\/em><\/strong>, \u00e0 <strong>Les<em> Cabannes<\/em><\/strong>, a \u00e9t\u00e9 organis\u00e9e en cette fin juin. <\/p>\n\n\n<div class=\"wp-block-image\">\n<figure class=\"alignright size-full\"><a href=\"https:\/\/www.les-cabannes.com\/\" target=\"_blank\" rel=\"noreferrer noopener\"><img loading=\"lazy\" decoding=\"async\" width=\"299\" height=\"143\" src=\"https:\/\/www.club-mouche-languedoc.fr\/wp-content\/uploads\/2023\/06\/oustalous.png\" alt=\"\" class=\"wp-image-1348\"\/><\/a><\/figure>\n<\/div>\n\n\n<p>Un premier groupe en semaine, les 22 et 23 juin et un second groupe le weekend des 24 et 25 juin, ont fait \u00e9tape au <strong><a href=\"https:\/\/www.les-cabannes.com\/\" target=\"_blank\" rel=\"noreferrer noopener\">Complexe des Oustalous<\/a><\/strong> qui nous a propos\u00e9 un h\u00e9bergement tout confort en chalets avec mise \u00e0 disposition d&rsquo;une salle commune pour les repas ! <\/p>\n\n\n\n<p>En semaine, les l\u00e2chers d&rsquo;eau des barrages sur l&rsquo;Ari\u00e8ge et l&rsquo;Ori\u00e8ge ont compliqu\u00e9 les choix des parcours&#8230;  Il a fallu s&rsquo;adapter et trouver des endroits p\u00eachables au moment des hautes eaux&#8230; Le Vicdessos par contre n&rsquo;a pas \u00e9t\u00e9 soumis \u00e0 ce traitement et est rest\u00e9 stable \u00e0 un niveau plut\u00f4t bas pendant tout le s\u00e9jour. <br>L&rsquo;Aston, dont la partie haute est en amont du dernier barrage hydro\u00e9lectrique, a offert au p\u00eacheurs &lsquo;montagnards&rsquo; un fantastique terrain de jeu, avec des petites truites tr\u00e8s joueuses, mais extr\u00eamement difficile \u00e0 capturer, le tout dans un cadre magnifique ! <\/p>\n\n\n<div class=\"wp-block-image\">\n<figure class=\"alignleft size-large is-resized\"><img decoding=\"async\" src=\"https:\/\/www.club-mouche-languedoc.fr\/wp-content\/uploads\/2023\/06\/WhatsApp-Image-2023-06-24-a-14.46.33-edited.jpg\" alt=\"\" class=\"wp-image-1350\" style=\"width:225px\" width=\"225\" srcset=\"https:\/\/www.club-mouche-languedoc.fr\/wp-content\/uploads\/2023\/06\/WhatsApp-Image-2023-06-24-a-14.46.33-edited.jpg 758w, https:\/\/www.club-mouche-languedoc.fr\/wp-content\/uploads\/2023\/06\/WhatsApp-Image-2023-06-24-a-14.46.33-edited-225x300.jpg 225w\" sizes=\"(max-width: 706px) 89vw, (max-width: 767px) 82vw, 740px\" \/><\/figure>\n<\/div>\n\n\n<p>Le temps tr\u00e8s nuageux de la semaine a laiss\u00e9 la place \u00e0 un beau ciel bleu pour cette fin de semaine. De plus les l\u00e2chers d&rsquo;eau sur l&rsquo;Ari\u00e8ge et l&rsquo;Ori\u00e8ge n&rsquo;ayant lieu que de nuit, le groupe weekend n&rsquo;a eu que l\u2019embarras du choix pour la s\u00e9lection des parcours. Seule la vall\u00e9e du Vicdessos est rest\u00e9e inaccessible samedi, \u00e0 cause de la course cycliste &lsquo;l\u2019Ari\u00e9geoise&rsquo;&#8230;<\/p>\n\n\n\n<p>De l&rsquo;avis de tous, nous avons parcouru de tr\u00e8s belles rivi\u00e8res. Les vall\u00e9es et villages qu&rsquo;elles traversent ne le sont pas moins.<br>Et si par moments la p\u00eache \u00e0 \u00e9t\u00e9 difficile, nous avons quand m\u00eame pu constater que ces rivi\u00e8res \u00e9taient poissonneuses !  <br>Comme d&rsquo;habitude, la convivialit\u00e9 a r\u00e9gn\u00e9 au sein des groupes et certaines soir\u00e9es ont dur\u00e9 probablement plus que n\u00e9cessaire&#8230; \ud83d\ude09<\/p>\n\n\n\n<p><\/p>\n\n\n\n<p>  <\/p>\n\n\n\n<hr class=\"wp-block-separator has-alpha-channel-opacity is-style-wide\"\/>\n\n\n<style type=\"text\/css\">\n#foogallery-gallery-1351 .fg-image { width: 150px; }\n#foogallery-gallery-1351 { --fg-gutter: 10px; }<\/style>\n\t\t\t<div class=\"foogallery foogallery-container foogallery-default foogallery-lightbox-foobox fg-center fg-default fg-ready fg-light fg-border-thin fg-shadow-outline fg-loading-default fg-loaded-fade-in fg-caption-hover fg-hover-fade fg-hover-zoom\" id=\"foogallery-gallery-1351\" data-foogallery=\"{&quot;item&quot;:{&quot;showCaptionTitle&quot;:true,&quot;showCaptionDescription&quot;:true},&quot;lazy&quot;:true}\" style=\"--fg-title-line-clamp: 0; --fg-description-line-clamp: 0;\" >\n\t<div class=\"fg-item fg-type-image fg-idle\"><figure class=\"fg-item-inner\"><a href=\"https:\/\/www.club-mouche-languedoc.fr\/wp-content\/uploads\/2023\/06\/P6210031.jpg\" data-caption-title=\"Les chalets \u00e0 Les Cabannes\" data-caption-desc=\"Photo : Christian All\u00e8gre\" data-attachment-id=\"1370\" data-type=\"image\" class=\"fg-thumb\"><span class=\"fg-image-wrap\"><img decoding=\"async\" title=\"Les chalets \u00e0 Les Cabannes\" width=\"150\" height=\"150\" class=\"skip-lazy fg-image\" data-src-fg=\"https:\/\/www.club-mouche-languedoc.fr\/wp-content\/uploads\/cache\/2023\/06\/P6210031\/3801994934.jpg\" src=\"data:image\/svg+xml,%3Csvg%20xmlns%3D%22http%3A%2F%2Fwww.w3.org%2F2000%2Fsvg%22%20width%3D%22150%22%20height%3D%22150%22%20viewBox%3D%220%200%20150%20150%22%3E%3C%2Fsvg%3E\" loading=\"eager\"><\/span><span class=\"fg-image-overlay\"><\/span><\/a><figcaption class=\"fg-caption\"><div class=\"fg-caption-inner\"><div class=\"fg-caption-title\">Les chalets \u00e0 Les Cabannes<\/div><div class=\"fg-caption-desc\">Photo : Christian All\u00e8gre<\/div><\/div><\/figcaption><\/figure><div class=\"fg-loader\"><\/div><\/div><div class=\"fg-item fg-type-image fg-idle\"><figure class=\"fg-item-inner\"><a href=\"https:\/\/www.club-mouche-languedoc.fr\/wp-content\/uploads\/2023\/06\/20230622_154335-scaled.jpg\" data-caption-title=\"Sur le Vicdessos\" data-caption-desc=\"Photo : Alain Clop\u00e8s\" data-attachment-id=\"1340\" data-type=\"image\" class=\"fg-thumb\"><span class=\"fg-image-wrap\"><img decoding=\"async\" title=\"Sur le Vicdessos\" width=\"150\" height=\"150\" class=\"skip-lazy fg-image\" data-src-fg=\"https:\/\/www.club-mouche-languedoc.fr\/wp-content\/uploads\/cache\/2023\/06\/20230622_154335-scaled\/1512736554.jpg\" src=\"data:image\/svg+xml,%3Csvg%20xmlns%3D%22http%3A%2F%2Fwww.w3.org%2F2000%2Fsvg%22%20width%3D%22150%22%20height%3D%22150%22%20viewBox%3D%220%200%20150%20150%22%3E%3C%2Fsvg%3E\" loading=\"eager\"><\/span><span class=\"fg-image-overlay\"><\/span><\/a><figcaption class=\"fg-caption\"><div class=\"fg-caption-inner\"><div class=\"fg-caption-title\">Sur le Vicdessos<\/div><div class=\"fg-caption-desc\">Photo : Alain Clop\u00e8s<\/div><\/div><\/figcaption><\/figure><div class=\"fg-loader\"><\/div><\/div><div class=\"fg-item fg-type-image fg-idle\"><figure class=\"fg-item-inner\"><a href=\"https:\/\/www.club-mouche-languedoc.fr\/wp-content\/uploads\/2023\/06\/20230622_154341-scaled.jpg\" data-caption-title=\"Sur le Vicdessos\" data-caption-desc=\"Photo : Alain Clop\u00e8s\" data-attachment-id=\"1341\" data-type=\"image\" class=\"fg-thumb\"><span class=\"fg-image-wrap\"><img decoding=\"async\" title=\"Sur le Vicdessos\" width=\"150\" height=\"150\" class=\"skip-lazy fg-image\" data-src-fg=\"https:\/\/www.club-mouche-languedoc.fr\/wp-content\/uploads\/cache\/2023\/06\/20230622_154341-scaled\/4064243627.jpg\" src=\"data:image\/svg+xml,%3Csvg%20xmlns%3D%22http%3A%2F%2Fwww.w3.org%2F2000%2Fsvg%22%20width%3D%22150%22%20height%3D%22150%22%20viewBox%3D%220%200%20150%20150%22%3E%3C%2Fsvg%3E\" loading=\"eager\"><\/span><span class=\"fg-image-overlay\"><\/span><\/a><figcaption class=\"fg-caption\"><div class=\"fg-caption-inner\"><div class=\"fg-caption-title\">Sur le Vicdessos<\/div><div class=\"fg-caption-desc\">Photo : Alain Clop\u00e8s<\/div><\/div><\/figcaption><\/figure><div class=\"fg-loader\"><\/div><\/div><div class=\"fg-item fg-type-image fg-idle\"><figure class=\"fg-item-inner\"><a href=\"https:\/\/www.club-mouche-languedoc.fr\/wp-content\/uploads\/2023\/06\/20230622_165400-scaled.jpg\" data-caption-title=\"Truite du Vicdessos\" data-caption-desc=\"Photo : Alain Clop\u00e8s\" data-attachment-id=\"1342\" data-type=\"image\" class=\"fg-thumb\"><span class=\"fg-image-wrap\"><img decoding=\"async\" title=\"Truite du Vicdessos\" width=\"150\" height=\"150\" class=\"skip-lazy fg-image\" data-src-fg=\"https:\/\/www.club-mouche-languedoc.fr\/wp-content\/uploads\/cache\/2023\/06\/20230622_165400-scaled\/1218587711.jpg\" src=\"data:image\/svg+xml,%3Csvg%20xmlns%3D%22http%3A%2F%2Fwww.w3.org%2F2000%2Fsvg%22%20width%3D%22150%22%20height%3D%22150%22%20viewBox%3D%220%200%20150%20150%22%3E%3C%2Fsvg%3E\" loading=\"eager\"><\/span><span class=\"fg-image-overlay\"><\/span><\/a><figcaption class=\"fg-caption\"><div class=\"fg-caption-inner\"><div class=\"fg-caption-title\">Truite du Vicdessos<\/div><div class=\"fg-caption-desc\">Photo : Alain Clop\u00e8s<\/div><\/div><\/figcaption><\/figure><div class=\"fg-loader\"><\/div><\/div><div class=\"fg-item fg-type-image fg-idle\"><figure class=\"fg-item-inner\"><a href=\"https:\/\/www.club-mouche-languedoc.fr\/wp-content\/uploads\/2023\/06\/Vicdessos-1-scaled.jpg\" data-caption-title=\"Jolie prise sur le Vicdessos\" data-caption-desc=\"Photo : Christian All\u00e8gre\" data-attachment-id=\"1362\" data-type=\"image\" class=\"fg-thumb\"><span class=\"fg-image-wrap\"><img decoding=\"async\" title=\"Jolie prise sur le Vicdessos\" width=\"150\" height=\"150\" class=\"skip-lazy fg-image\" data-src-fg=\"https:\/\/www.club-mouche-languedoc.fr\/wp-content\/uploads\/cache\/2023\/06\/Vicdessos-1-scaled\/3679928622.jpg\" src=\"data:image\/svg+xml,%3Csvg%20xmlns%3D%22http%3A%2F%2Fwww.w3.org%2F2000%2Fsvg%22%20width%3D%22150%22%20height%3D%22150%22%20viewBox%3D%220%200%20150%20150%22%3E%3C%2Fsvg%3E\" loading=\"eager\"><\/span><span class=\"fg-image-overlay\"><\/span><\/a><figcaption class=\"fg-caption\"><div class=\"fg-caption-inner\"><div class=\"fg-caption-title\">Jolie prise sur le Vicdessos<\/div><div class=\"fg-caption-desc\">Photo : Christian All\u00e8gre<\/div><\/div><\/figcaption><\/figure><div class=\"fg-loader\"><\/div><\/div><div class=\"fg-item fg-type-image fg-idle\"><figure class=\"fg-item-inner\"><a href=\"https:\/\/www.club-mouche-languedoc.fr\/wp-content\/uploads\/2023\/06\/P6220036.jpg\" data-caption-title=\"L&#039;Ori\u00e8ge \u00e0 Orgeix\" data-caption-desc=\"Photo : Christian All\u00e8gre\" data-attachment-id=\"1365\" data-type=\"image\" class=\"fg-thumb\"><span class=\"fg-image-wrap\"><img decoding=\"async\" title=\"L&#039;Ori\u00e8ge \u00e0 Orgeix\" width=\"150\" height=\"150\" class=\"skip-lazy fg-image\" data-src-fg=\"https:\/\/www.club-mouche-languedoc.fr\/wp-content\/uploads\/cache\/2023\/06\/P6220036\/2539720215.jpg\" src=\"data:image\/svg+xml,%3Csvg%20xmlns%3D%22http%3A%2F%2Fwww.w3.org%2F2000%2Fsvg%22%20width%3D%22150%22%20height%3D%22150%22%20viewBox%3D%220%200%20150%20150%22%3E%3C%2Fsvg%3E\" loading=\"eager\"><\/span><span class=\"fg-image-overlay\"><\/span><\/a><figcaption class=\"fg-caption\"><div class=\"fg-caption-inner\"><div class=\"fg-caption-title\">L'Ori\u00e8ge \u00e0 Orgeix<\/div><div class=\"fg-caption-desc\">Photo : Christian All\u00e8gre<\/div><\/div><\/figcaption><\/figure><div class=\"fg-loader\"><\/div><\/div><div class=\"fg-item fg-type-image fg-idle\"><figure class=\"fg-item-inner\"><a href=\"https:\/\/www.club-mouche-languedoc.fr\/wp-content\/uploads\/2023\/06\/P6220037-e1687880054216.jpg\" data-caption-title=\"L&#039;Ori\u00e8ge \u00e0 Orgeix\" data-caption-desc=\"Photo : Christian All\u00e8gre\" data-attachment-id=\"1364\" data-type=\"image\" class=\"fg-thumb\"><span class=\"fg-image-wrap\"><img decoding=\"async\" title=\"L&#039;Ori\u00e8ge \u00e0 Orgeix\" width=\"150\" height=\"150\" class=\"skip-lazy fg-image\" data-src-fg=\"https:\/\/www.club-mouche-languedoc.fr\/wp-content\/uploads\/cache\/2023\/06\/P6220037-e1687880054216\/1810176597.jpg\" src=\"data:image\/svg+xml,%3Csvg%20xmlns%3D%22http%3A%2F%2Fwww.w3.org%2F2000%2Fsvg%22%20width%3D%22150%22%20height%3D%22150%22%20viewBox%3D%220%200%20150%20150%22%3E%3C%2Fsvg%3E\" loading=\"eager\"><\/span><span class=\"fg-image-overlay\"><\/span><\/a><figcaption class=\"fg-caption\"><div class=\"fg-caption-inner\"><div class=\"fg-caption-title\">L'Ori\u00e8ge \u00e0 Orgeix<\/div><div class=\"fg-caption-desc\">Photo : Christian All\u00e8gre<\/div><\/div><\/figcaption><\/figure><div class=\"fg-loader\"><\/div><\/div><div class=\"fg-item fg-type-image fg-idle\"><figure class=\"fg-item-inner\"><a href=\"https:\/\/www.club-mouche-languedoc.fr\/wp-content\/uploads\/2023\/06\/Orgeix-4-scaled.jpg\" data-caption-title=\"L&#039;Ori\u00e8ge \u00e0 Orgeix\" data-caption-desc=\"Photo : Christian All\u00e8gre\" data-attachment-id=\"1372\" data-type=\"image\" class=\"fg-thumb\"><span class=\"fg-image-wrap\"><img decoding=\"async\" title=\"L&#039;Ori\u00e8ge \u00e0 Orgeix\" width=\"150\" height=\"150\" class=\"skip-lazy fg-image\" data-src-fg=\"https:\/\/www.club-mouche-languedoc.fr\/wp-content\/uploads\/cache\/2023\/06\/Orgeix-4-scaled\/1917807930.jpg\" src=\"data:image\/svg+xml,%3Csvg%20xmlns%3D%22http%3A%2F%2Fwww.w3.org%2F2000%2Fsvg%22%20width%3D%22150%22%20height%3D%22150%22%20viewBox%3D%220%200%20150%20150%22%3E%3C%2Fsvg%3E\" loading=\"eager\"><\/span><span class=\"fg-image-overlay\"><\/span><\/a><figcaption class=\"fg-caption\"><div class=\"fg-caption-inner\"><div class=\"fg-caption-title\">L'Ori\u00e8ge \u00e0 Orgeix<\/div><div class=\"fg-caption-desc\">Photo : Christian All\u00e8gre<\/div><\/div><\/figcaption><\/figure><div class=\"fg-loader\"><\/div><\/div><div class=\"fg-item fg-type-image fg-idle\"><figure class=\"fg-item-inner\"><a href=\"https:\/\/www.club-mouche-languedoc.fr\/wp-content\/uploads\/2023\/06\/WhatsApp-Image-2023-06-24-a-14.46.33-edited.jpg\" data-caption-title=\"L&#039;Ori\u00e8ge \u00e0 Orgeix\" data-caption-desc=\"Photo : Patrice Lambert\" data-attachment-id=\"1350\" data-type=\"image\" class=\"fg-thumb\"><span class=\"fg-image-wrap\"><img decoding=\"async\" title=\"L&#039;Ori\u00e8ge \u00e0 Orgeix\" width=\"150\" height=\"150\" class=\"skip-lazy fg-image\" data-src-fg=\"https:\/\/www.club-mouche-languedoc.fr\/wp-content\/uploads\/cache\/2023\/06\/WhatsApp-Image-2023-06-24-a-14_46_33-edited\/834722312.jpg\" src=\"data:image\/svg+xml,%3Csvg%20xmlns%3D%22http%3A%2F%2Fwww.w3.org%2F2000%2Fsvg%22%20width%3D%22150%22%20height%3D%22150%22%20viewBox%3D%220%200%20150%20150%22%3E%3C%2Fsvg%3E\" loading=\"eager\"><\/span><span class=\"fg-image-overlay\"><\/span><\/a><figcaption class=\"fg-caption\"><div class=\"fg-caption-inner\"><div class=\"fg-caption-title\">L'Ori\u00e8ge \u00e0 Orgeix<\/div><div class=\"fg-caption-desc\">Photo : Patrice Lambert<\/div><\/div><\/figcaption><\/figure><div class=\"fg-loader\"><\/div><\/div><div class=\"fg-item fg-type-image fg-idle\"><figure class=\"fg-item-inner\"><a href=\"https:\/\/www.club-mouche-languedoc.fr\/wp-content\/uploads\/2023\/06\/WhatsApp-Image-2023-06-24-a-14.46.35.jpg\" data-caption-title=\"L&#039;Ori\u00e8ge \u00e0 Orgeix\" data-caption-desc=\"Photo : Patrice Lambert\" data-attachment-id=\"1355\" data-type=\"image\" class=\"fg-thumb\"><span class=\"fg-image-wrap\"><img decoding=\"async\" title=\"L&#039;Ori\u00e8ge \u00e0 Orgeix\" width=\"150\" height=\"150\" class=\"skip-lazy fg-image\" data-src-fg=\"https:\/\/www.club-mouche-languedoc.fr\/wp-content\/uploads\/cache\/2023\/06\/WhatsApp-Image-2023-06-24-a-14_46_35\/3130833442.jpg\" src=\"data:image\/svg+xml,%3Csvg%20xmlns%3D%22http%3A%2F%2Fwww.w3.org%2F2000%2Fsvg%22%20width%3D%22150%22%20height%3D%22150%22%20viewBox%3D%220%200%20150%20150%22%3E%3C%2Fsvg%3E\" loading=\"eager\"><\/span><span class=\"fg-image-overlay\"><\/span><\/a><figcaption class=\"fg-caption\"><div class=\"fg-caption-inner\"><div class=\"fg-caption-title\">L'Ori\u00e8ge \u00e0 Orgeix<\/div><div class=\"fg-caption-desc\">Photo : Patrice Lambert<\/div><\/div><\/figcaption><\/figure><div class=\"fg-loader\"><\/div><\/div><div class=\"fg-item fg-type-image fg-idle\"><figure class=\"fg-item-inner\"><a href=\"https:\/\/www.club-mouche-languedoc.fr\/wp-content\/uploads\/2023\/06\/WhatsApp-Image-2023-06-24-a-14.46.32.jpg\" data-caption-title=\"L&#039;Ori\u00e8ge \u00e0 Orgeix\" data-caption-desc=\"Photo : Patrice Lambert\" data-attachment-id=\"1354\" data-type=\"image\" class=\"fg-thumb\"><span class=\"fg-image-wrap\"><img decoding=\"async\" title=\"L&#039;Ori\u00e8ge \u00e0 Orgeix\" width=\"150\" height=\"150\" class=\"skip-lazy fg-image\" data-src-fg=\"https:\/\/www.club-mouche-languedoc.fr\/wp-content\/uploads\/cache\/2023\/06\/WhatsApp-Image-2023-06-24-a-14_46_32\/1744214915.jpg\" src=\"data:image\/svg+xml,%3Csvg%20xmlns%3D%22http%3A%2F%2Fwww.w3.org%2F2000%2Fsvg%22%20width%3D%22150%22%20height%3D%22150%22%20viewBox%3D%220%200%20150%20150%22%3E%3C%2Fsvg%3E\" loading=\"eager\"><\/span><span class=\"fg-image-overlay\"><\/span><\/a><figcaption class=\"fg-caption\"><div class=\"fg-caption-inner\"><div class=\"fg-caption-title\">L'Ori\u00e8ge \u00e0 Orgeix<\/div><div class=\"fg-caption-desc\">Photo : Patrice Lambert<\/div><\/div><\/figcaption><\/figure><div class=\"fg-loader\"><\/div><\/div><div class=\"fg-item fg-type-image fg-idle\"><figure class=\"fg-item-inner\"><a href=\"https:\/\/www.club-mouche-languedoc.fr\/wp-content\/uploads\/2023\/06\/jacky1.jpg\" data-caption-title=\"Ombre de l&#039;Ari\u00e8ge\" data-caption-desc=\"Photo : Jacky Reimund\" data-attachment-id=\"1357\" data-type=\"image\" class=\"fg-thumb\"><span class=\"fg-image-wrap\"><img decoding=\"async\" title=\"Ombre de l&#039;Ari\u00e8ge\" width=\"150\" height=\"150\" class=\"skip-lazy fg-image\" data-src-fg=\"https:\/\/www.club-mouche-languedoc.fr\/wp-content\/uploads\/cache\/2023\/06\/jacky1\/2473493784.jpg\" src=\"data:image\/svg+xml,%3Csvg%20xmlns%3D%22http%3A%2F%2Fwww.w3.org%2F2000%2Fsvg%22%20width%3D%22150%22%20height%3D%22150%22%20viewBox%3D%220%200%20150%20150%22%3E%3C%2Fsvg%3E\" loading=\"eager\"><\/span><span class=\"fg-image-overlay\"><\/span><\/a><figcaption class=\"fg-caption\"><div class=\"fg-caption-inner\"><div class=\"fg-caption-title\">Ombre de l'Ari\u00e8ge<\/div><div class=\"fg-caption-desc\">Photo : Jacky Reimund<\/div><\/div><\/figcaption><\/figure><div class=\"fg-loader\"><\/div><\/div><div class=\"fg-item fg-type-image fg-idle\"><figure class=\"fg-item-inner\"><a href=\"https:\/\/www.club-mouche-languedoc.fr\/wp-content\/uploads\/2023\/06\/jacky2.jpg\" data-caption-title=\"Truite de l&#039;Ari\u00e8ge\" data-caption-desc=\"Photo : Jacky Reimund\" data-attachment-id=\"1358\" data-type=\"image\" class=\"fg-thumb\"><span class=\"fg-image-wrap\"><img decoding=\"async\" title=\"Truite de l&#039;Ari\u00e8ge\" width=\"150\" height=\"150\" class=\"skip-lazy fg-image\" data-src-fg=\"https:\/\/www.club-mouche-languedoc.fr\/wp-content\/uploads\/cache\/2023\/06\/jacky2\/2840740821.jpg\" src=\"data:image\/svg+xml,%3Csvg%20xmlns%3D%22http%3A%2F%2Fwww.w3.org%2F2000%2Fsvg%22%20width%3D%22150%22%20height%3D%22150%22%20viewBox%3D%220%200%20150%20150%22%3E%3C%2Fsvg%3E\" loading=\"eager\"><\/span><span class=\"fg-image-overlay\"><\/span><\/a><figcaption class=\"fg-caption\"><div class=\"fg-caption-inner\"><div class=\"fg-caption-title\">Truite de l'Ari\u00e8ge<\/div><div class=\"fg-caption-desc\">Photo : Jacky Reimund<\/div><\/div><\/figcaption><\/figure><div class=\"fg-loader\"><\/div><\/div><div class=\"fg-item fg-type-image fg-idle\"><figure class=\"fg-item-inner\"><a href=\"https:\/\/www.club-mouche-languedoc.fr\/wp-content\/uploads\/2023\/06\/20230625_164345-scaled.jpg\" data-caption-title=\"L&#039;Aston au dessus de l&#039;\u00e9tang de Laparan\" data-caption-desc=\"Photo : Alain Clop\u00e8s\" data-attachment-id=\"1345\" data-type=\"image\" class=\"fg-thumb\"><span class=\"fg-image-wrap\"><img decoding=\"async\" title=\"L&#039;Aston au dessus de l&#039;\u00e9tang de Laparan\" width=\"150\" height=\"150\" class=\"skip-lazy fg-image\" data-src-fg=\"https:\/\/www.club-mouche-languedoc.fr\/wp-content\/uploads\/cache\/2023\/06\/20230625_164345-scaled\/1987012863.jpg\" src=\"data:image\/svg+xml,%3Csvg%20xmlns%3D%22http%3A%2F%2Fwww.w3.org%2F2000%2Fsvg%22%20width%3D%22150%22%20height%3D%22150%22%20viewBox%3D%220%200%20150%20150%22%3E%3C%2Fsvg%3E\" loading=\"eager\"><\/span><span class=\"fg-image-overlay\"><\/span><\/a><figcaption class=\"fg-caption\"><div class=\"fg-caption-inner\"><div class=\"fg-caption-title\">L'Aston au dessus de l'\u00e9tang de Laparan<\/div><div class=\"fg-caption-desc\">Photo : Alain Clop\u00e8s<\/div><\/div><\/figcaption><\/figure><div class=\"fg-loader\"><\/div><\/div><div class=\"fg-item fg-type-image fg-idle\"><figure class=\"fg-item-inner\"><a href=\"https:\/\/www.club-mouche-languedoc.fr\/wp-content\/uploads\/2023\/06\/20230624_115345-scaled.jpg\" data-caption-title=\"Truitelle de l&#039;Aston\" data-caption-desc=\"Photo : Alain Clop\u00e8s\" data-attachment-id=\"1344\" data-type=\"image\" class=\"fg-thumb\"><span class=\"fg-image-wrap\"><img decoding=\"async\" title=\"Truitelle de l&#039;Aston\" width=\"150\" height=\"150\" class=\"skip-lazy fg-image\" data-src-fg=\"https:\/\/www.club-mouche-languedoc.fr\/wp-content\/uploads\/cache\/2023\/06\/20230624_115345-scaled\/465257474.jpg\" src=\"data:image\/svg+xml,%3Csvg%20xmlns%3D%22http%3A%2F%2Fwww.w3.org%2F2000%2Fsvg%22%20width%3D%22150%22%20height%3D%22150%22%20viewBox%3D%220%200%20150%20150%22%3E%3C%2Fsvg%3E\" loading=\"eager\"><\/span><span class=\"fg-image-overlay\"><\/span><\/a><figcaption class=\"fg-caption\"><div class=\"fg-caption-inner\"><div class=\"fg-caption-title\">Truitelle de l'Aston<\/div><div class=\"fg-caption-desc\">Photo : Alain Clop\u00e8s<\/div><\/div><\/figcaption><\/figure><div class=\"fg-loader\"><\/div><\/div><div class=\"fg-item fg-type-image fg-idle\"><figure class=\"fg-item-inner\"><a href=\"https:\/\/www.club-mouche-languedoc.fr\/wp-content\/uploads\/2023\/06\/20230625_164358-scaled.jpg\" data-caption-title=\"L&#039;Aston au dessus de l&#039;\u00e9tang de Laparan\" data-caption-desc=\"Photo : Alain Clop\u00e8s\" data-attachment-id=\"1346\" data-type=\"image\" class=\"fg-thumb\"><span class=\"fg-image-wrap\"><img decoding=\"async\" title=\"L&#039;Aston au dessus de l&#039;\u00e9tang de Laparan\" width=\"150\" height=\"150\" class=\"skip-lazy fg-image\" data-src-fg=\"https:\/\/www.club-mouche-languedoc.fr\/wp-content\/uploads\/cache\/2023\/06\/20230625_164358-scaled\/2680689562.jpg\" src=\"data:image\/svg+xml,%3Csvg%20xmlns%3D%22http%3A%2F%2Fwww.w3.org%2F2000%2Fsvg%22%20width%3D%22150%22%20height%3D%22150%22%20viewBox%3D%220%200%20150%20150%22%3E%3C%2Fsvg%3E\" loading=\"eager\"><\/span><span class=\"fg-image-overlay\"><\/span><\/a><figcaption class=\"fg-caption\"><div class=\"fg-caption-inner\"><div class=\"fg-caption-title\">L'Aston au dessus de l'\u00e9tang de Laparan<\/div><div class=\"fg-caption-desc\">Photo : Alain Clop\u00e8s<\/div><\/div><\/figcaption><\/figure><div class=\"fg-loader\"><\/div><\/div><div class=\"fg-item fg-type-image fg-idle\"><figure class=\"fg-item-inner\"><a href=\"https:\/\/www.club-mouche-languedoc.fr\/wp-content\/uploads\/2023\/06\/P6210034-e1687880525258.jpg\" data-caption-desc=\"Photo : Christian All\u00e8gre\" data-attachment-id=\"1377\" data-type=\"image\" class=\"fg-thumb\"><span class=\"fg-image-wrap\"><img decoding=\"async\" width=\"150\" height=\"150\" class=\"skip-lazy fg-image\" data-src-fg=\"https:\/\/www.club-mouche-languedoc.fr\/wp-content\/uploads\/cache\/2023\/06\/P6210034-e1687880525258\/3816371585.jpg\" src=\"data:image\/svg+xml,%3Csvg%20xmlns%3D%22http%3A%2F%2Fwww.w3.org%2F2000%2Fsvg%22%20width%3D%22150%22%20height%3D%22150%22%20viewBox%3D%220%200%20150%20150%22%3E%3C%2Fsvg%3E\" loading=\"eager\"><\/span><span class=\"fg-image-overlay\"><\/span><\/a><figcaption class=\"fg-caption\"><div class=\"fg-caption-inner\"><div class=\"fg-caption-desc\">Photo : Christian All\u00e8gre<\/div><\/div><\/figcaption><\/figure><div class=\"fg-loader\"><\/div><\/div><div class=\"fg-item fg-type-image fg-idle\"><figure class=\"fg-item-inner\"><a href=\"https:\/\/www.club-mouche-languedoc.fr\/wp-content\/uploads\/2023\/06\/P6210033-1-e1687880479641.jpg\" data-caption-desc=\"Photo : Christian All\u00e8gre\" data-attachment-id=\"1376\" data-type=\"image\" class=\"fg-thumb\"><span class=\"fg-image-wrap\"><img decoding=\"async\" width=\"150\" height=\"150\" class=\"skip-lazy fg-image\" data-src-fg=\"https:\/\/www.club-mouche-languedoc.fr\/wp-content\/uploads\/cache\/2023\/06\/P6210033-1-e1687880479641\/4227065548.jpg\" src=\"data:image\/svg+xml,%3Csvg%20xmlns%3D%22http%3A%2F%2Fwww.w3.org%2F2000%2Fsvg%22%20width%3D%22150%22%20height%3D%22150%22%20viewBox%3D%220%200%20150%20150%22%3E%3C%2Fsvg%3E\" loading=\"eager\"><\/span><span class=\"fg-image-overlay\"><\/span><\/a><figcaption class=\"fg-caption\"><div class=\"fg-caption-inner\"><div class=\"fg-caption-desc\">Photo : Christian All\u00e8gre<\/div><\/div><\/figcaption><\/figure><div class=\"fg-loader\"><\/div><\/div><div class=\"fg-item fg-type-image fg-idle\"><figure class=\"fg-item-inner\"><a href=\"https:\/\/www.club-mouche-languedoc.fr\/wp-content\/uploads\/2023\/06\/P6210032-e1687880384506.jpg\" data-caption-desc=\"Photo : Christian All\u00e8gre\" data-attachment-id=\"1374\" data-type=\"image\" class=\"fg-thumb\"><span class=\"fg-image-wrap\"><img decoding=\"async\" width=\"150\" height=\"150\" class=\"skip-lazy fg-image\" data-src-fg=\"https:\/\/www.club-mouche-languedoc.fr\/wp-content\/uploads\/cache\/2023\/06\/P6210032-e1687880384506\/2347980853.jpg\" src=\"data:image\/svg+xml,%3Csvg%20xmlns%3D%22http%3A%2F%2Fwww.w3.org%2F2000%2Fsvg%22%20width%3D%22150%22%20height%3D%22150%22%20viewBox%3D%220%200%20150%20150%22%3E%3C%2Fsvg%3E\" loading=\"eager\"><\/span><span class=\"fg-image-overlay\"><\/span><\/a><figcaption class=\"fg-caption\"><div class=\"fg-caption-inner\"><div class=\"fg-caption-desc\">Photo : Christian All\u00e8gre<\/div><\/div><\/figcaption><\/figure><div class=\"fg-loader\"><\/div><\/div><div class=\"fg-item fg-type-image fg-idle\"><figure class=\"fg-item-inner\"><a href=\"https:\/\/www.club-mouche-languedoc.fr\/wp-content\/uploads\/2023\/06\/P6210030-e1687880338933.jpg\" data-caption-desc=\"Photo : Christian All\u00e8gre\" data-attachment-id=\"1373\" data-type=\"image\" class=\"fg-thumb\"><span class=\"fg-image-wrap\"><img decoding=\"async\" width=\"150\" height=\"150\" class=\"skip-lazy fg-image\" data-src-fg=\"https:\/\/www.club-mouche-languedoc.fr\/wp-content\/uploads\/cache\/2023\/06\/P6210030-e1687880338933\/2764212357.jpg\" src=\"data:image\/svg+xml,%3Csvg%20xmlns%3D%22http%3A%2F%2Fwww.w3.org%2F2000%2Fsvg%22%20width%3D%22150%22%20height%3D%22150%22%20viewBox%3D%220%200%20150%20150%22%3E%3C%2Fsvg%3E\" loading=\"eager\"><\/span><span class=\"fg-image-overlay\"><\/span><\/a><figcaption class=\"fg-caption\"><div class=\"fg-caption-inner\"><div class=\"fg-caption-desc\">Photo : Christian All\u00e8gre<\/div><\/div><\/figcaption><\/figure><div class=\"fg-loader\"><\/div><\/div><div class=\"fg-item fg-type-image fg-idle\"><figure class=\"fg-item-inner\"><a href=\"https:\/\/www.club-mouche-languedoc.fr\/wp-content\/uploads\/2023\/06\/P6220035-1-rotated.jpg\" data-caption-desc=\"Photo : Christian All\u00e8gre\" data-attachment-id=\"1369\" data-type=\"image\" class=\"fg-thumb\"><span class=\"fg-image-wrap\"><img decoding=\"async\" width=\"150\" height=\"150\" class=\"skip-lazy fg-image\" data-src-fg=\"https:\/\/www.club-mouche-languedoc.fr\/wp-content\/uploads\/cache\/2023\/06\/P6220035-1-rotated\/2761119365.jpg\" src=\"data:image\/svg+xml,%3Csvg%20xmlns%3D%22http%3A%2F%2Fwww.w3.org%2F2000%2Fsvg%22%20width%3D%22150%22%20height%3D%22150%22%20viewBox%3D%220%200%20150%20150%22%3E%3C%2Fsvg%3E\" loading=\"eager\"><\/span><span class=\"fg-image-overlay\"><\/span><\/a><figcaption class=\"fg-caption\"><div class=\"fg-caption-inner\"><div class=\"fg-caption-desc\">Photo : Christian All\u00e8gre<\/div><\/div><\/figcaption><\/figure><div class=\"fg-loader\"><\/div><\/div><div class=\"fg-item fg-type-image fg-idle\"><figure class=\"fg-item-inner\"><a href=\"https:\/\/www.club-mouche-languedoc.fr\/wp-content\/uploads\/2023\/06\/P6220038-e1687879384282.jpg\" data-caption-title=\"Pause repas\" data-caption-desc=\"Photo : Christian All\u00e8gre\" data-attachment-id=\"1363\" data-type=\"image\" class=\"fg-thumb\"><span class=\"fg-image-wrap\"><img decoding=\"async\" title=\"Pause repas\" width=\"150\" height=\"150\" class=\"skip-lazy fg-image\" data-src-fg=\"https:\/\/www.club-mouche-languedoc.fr\/wp-content\/uploads\/cache\/2023\/06\/P6220038-e1687879384282\/1053413182.jpg\" src=\"data:image\/svg+xml,%3Csvg%20xmlns%3D%22http%3A%2F%2Fwww.w3.org%2F2000%2Fsvg%22%20width%3D%22150%22%20height%3D%22150%22%20viewBox%3D%220%200%20150%20150%22%3E%3C%2Fsvg%3E\" loading=\"eager\"><\/span><span class=\"fg-image-overlay\"><\/span><\/a><figcaption class=\"fg-caption\"><div class=\"fg-caption-inner\"><div class=\"fg-caption-title\">Pause repas<\/div><div class=\"fg-caption-desc\">Photo : Christian All\u00e8gre<\/div><\/div><\/figcaption><\/figure><div class=\"fg-loader\"><\/div><\/div><div class=\"fg-item fg-type-image fg-idle\"><figure class=\"fg-item-inner\"><a href=\"https:\/\/www.club-mouche-languedoc.fr\/wp-content\/uploads\/2023\/06\/WhatsApp-Image-2023-06-24-a-14.46.32_2-e1687880861903.jpg\" data-caption-desc=\"Photo : Patrice Lambert\" data-attachment-id=\"1378\" data-type=\"image\" class=\"fg-thumb\"><span class=\"fg-image-wrap\"><img decoding=\"async\" width=\"150\" height=\"150\" class=\"skip-lazy fg-image\" data-src-fg=\"https:\/\/www.club-mouche-languedoc.fr\/wp-content\/uploads\/cache\/2023\/06\/WhatsApp-Image-2023-06-24-a-14_46_32_2-e1687880861903\/2148581996.jpg\" src=\"data:image\/svg+xml,%3Csvg%20xmlns%3D%22http%3A%2F%2Fwww.w3.org%2F2000%2Fsvg%22%20width%3D%22150%22%20height%3D%22150%22%20viewBox%3D%220%200%20150%20150%22%3E%3C%2Fsvg%3E\" loading=\"eager\"><\/span><span class=\"fg-image-overlay\"><\/span><\/a><figcaption class=\"fg-caption\"><div class=\"fg-caption-inner\"><div class=\"fg-caption-desc\">Photo : Patrice Lambert<\/div><\/div><\/figcaption><\/figure><div class=\"fg-loader\"><\/div><\/div><div class=\"fg-item fg-type-image fg-idle\"><figure class=\"fg-item-inner\"><a href=\"https:\/\/www.club-mouche-languedoc.fr\/wp-content\/uploads\/2023\/06\/WhatsApp-Image-2023-06-24-a-14.53.46.jpg\" data-caption-title=\"Fin de soir\u00e9e...\" data-caption-desc=\"Photo : Jacques Burgui\u00e8re\" data-attachment-id=\"1356\" data-type=\"image\" class=\"fg-thumb\"><span class=\"fg-image-wrap\"><img decoding=\"async\" title=\"Fin de soir\u00e9e...\" width=\"150\" height=\"150\" class=\"skip-lazy fg-image\" data-src-fg=\"https:\/\/www.club-mouche-languedoc.fr\/wp-content\/uploads\/cache\/2023\/06\/WhatsApp-Image-2023-06-24-a-14_53_46\/419450796.jpg\" src=\"data:image\/svg+xml,%3Csvg%20xmlns%3D%22http%3A%2F%2Fwww.w3.org%2F2000%2Fsvg%22%20width%3D%22150%22%20height%3D%22150%22%20viewBox%3D%220%200%20150%20150%22%3E%3C%2Fsvg%3E\" loading=\"eager\"><\/span><span class=\"fg-image-overlay\"><\/span><\/a><figcaption class=\"fg-caption\"><div class=\"fg-caption-inner\"><div class=\"fg-caption-title\">Fin de soir\u00e9e...<\/div><div class=\"fg-caption-desc\">Photo : Jacques Burgui\u00e8re<\/div><\/div><\/figcaption><\/figure><div class=\"fg-loader\"><\/div><\/div><\/div>\n\n","protected":false},"excerpt":{"rendered":"<p>Une sortie en Ari\u00e8ge, \u00e0 Les Cabannes, a \u00e9t\u00e9 organis\u00e9e en cette fin juin. Un premier groupe en semaine, les 22 et 23 juin et un second groupe le weekend des 24 et 25 juin, ont fait \u00e9tape au Complexe des Oustalous qui nous a propos\u00e9 un h\u00e9bergement tout confort en chalets avec mise \u00e0 &hellip; <\/p>\n<p class=\"link-more\"><a href=\"https:\/\/www.club-mouche-languedoc.fr\/index.php\/2023\/06\/27\/sortie-riviere-en-ariege\/\" class=\"more-link\">Continuer la lecture<span class=\"screen-reader-text\"> de &laquo;&nbsp;Sortie rivi\u00e8re en Ari\u00e8ge&nbsp;&raquo;<\/span><\/a><\/p>\n","protected":false},"author":1,"featured_media":0,"comment_status":"closed","ping_status":"closed","sticky":false,"template":"","format":"standard","meta":{"footnotes":""},"categories":[8],"tags":[19,18],"class_list":["post-1347","post","type-post","status-publish","format-standard","hentry","category-sorties-club","tag-riviere","tag-sorties"],"_links":{"self":[{"href":"https:\/\/www.club-mouche-languedoc.fr\/index.php\/wp-json\/wp\/v2\/posts\/1347","targetHints":{"allow":["GET"]}}],"collection":[{"href":"https:\/\/www.club-mouche-languedoc.fr\/index.php\/wp-json\/wp\/v2\/posts"}],"about":[{"href":"https:\/\/www.club-mouche-languedoc.fr\/index.php\/wp-json\/wp\/v2\/types\/post"}],"author":[{"embeddable":true,"href":"https:\/\/www.club-mouche-languedoc.fr\/index.php\/wp-json\/wp\/v2\/users\/1"}],"replies":[{"embeddable":true,"href":"https:\/\/www.club-mouche-languedoc.fr\/index.php\/wp-json\/wp\/v2\/comments?post=1347"}],"version-history":[{"count":8,"href":"https:\/\/www.club-mouche-languedoc.fr\/index.php\/wp-json\/wp\/v2\/posts\/1347\/revisions"}],"predecessor-version":[{"id":1424,"href":"https:\/\/www.club-mouche-languedoc.fr\/index.php\/wp-json\/wp\/v2\/posts\/1347\/revisions\/1424"}],"wp:attachment":[{"href":"https:\/\/www.club-mouche-languedoc.fr\/index.php\/wp-json\/wp\/v2\/media?parent=1347"}],"wp:term":[{"taxonomy":"category","embeddable":true,"href":"https:\/\/www.club-mouche-languedoc.fr\/index.php\/wp-json\/wp\/v2\/categories?post=1347"},{"taxonomy":"post_tag","embeddable":true,"href":"https:\/\/www.club-mouche-languedoc.fr\/index.php\/wp-json\/wp\/v2\/tags?post=1347"}],"curies":[{"name":"wp","href":"https:\/\/api.w.org\/{rel}","templated":true}]}}