{"id":1286,"date":"2023-05-29T10:20:00","date_gmt":"2023-05-29T08:20:00","guid":{"rendered":"https:\/\/www.club-mouche-languedoc.fr\/?p=1286"},"modified":"2023-06-16T16:24:59","modified_gmt":"2023-06-16T14:24:59","slug":"champions-deurope-2023-au-portugal","status":"publish","type":"post","link":"https:\/\/www.club-mouche-languedoc.fr\/index.php\/2023\/05\/29\/champions-deurope-2023-au-portugal\/","title":{"rendered":"Champions d&rsquo;Europe 2023 au Portugal !"},"content":{"rendered":"\n<p>Les Fran\u00e7ais champions d&rsquo;Europe de p\u00eache \u00e0 la mouche, par \u00e9quipe et en individuel, Portugal, Covilha, 2023 !<\/p>\n\n\n\n<p>Bravo et f\u00e9licitations !<\/p>\n\n\n\n<figure class=\"wp-block-image size-full\"><img loading=\"lazy\" decoding=\"async\" width=\"960\" height=\"720\" src=\"https:\/\/www.club-mouche-languedoc.fr\/wp-content\/uploads\/2023\/05\/348966037_1611988139298064_5187459354620725953_n.jpg\" alt=\"\" class=\"wp-image-1289\" srcset=\"https:\/\/www.club-mouche-languedoc.fr\/wp-content\/uploads\/2023\/05\/348966037_1611988139298064_5187459354620725953_n.jpg 960w, https:\/\/www.club-mouche-languedoc.fr\/wp-content\/uploads\/2023\/05\/348966037_1611988139298064_5187459354620725953_n-300x225.jpg 300w, https:\/\/www.club-mouche-languedoc.fr\/wp-content\/uploads\/2023\/05\/348966037_1611988139298064_5187459354620725953_n-768x576.jpg 768w\" sizes=\"auto, (max-width: 767px) 89vw, (max-width: 1000px) 54vw, (max-width: 1071px) 543px, 580px\" \/><\/figure>\n\n\n\n<figure class=\"wp-block-image size-full\"><img loading=\"lazy\" decoding=\"async\" width=\"960\" height=\"720\" src=\"https:\/\/www.club-mouche-languedoc.fr\/wp-content\/uploads\/2023\/05\/349700282_945686333432913_5899351439459206146_n.jpg\" alt=\"\" class=\"wp-image-1290\" srcset=\"https:\/\/www.club-mouche-languedoc.fr\/wp-content\/uploads\/2023\/05\/349700282_945686333432913_5899351439459206146_n.jpg 960w, https:\/\/www.club-mouche-languedoc.fr\/wp-content\/uploads\/2023\/05\/349700282_945686333432913_5899351439459206146_n-300x225.jpg 300w, https:\/\/www.club-mouche-languedoc.fr\/wp-content\/uploads\/2023\/05\/349700282_945686333432913_5899351439459206146_n-768x576.jpg 768w\" sizes=\"auto, (max-width: 767px) 89vw, (max-width: 1000px) 54vw, (max-width: 1071px) 543px, 580px\" \/><\/figure>\n","protected":false},"excerpt":{"rendered":"<p>Les Fran\u00e7ais champions d&rsquo;Europe de p\u00eache \u00e0 la mouche, par \u00e9quipe et en individuel, Portugal, Covilha, 2023 ! Bravo et f\u00e9licitations !<\/p>\n","protected":false},"author":1,"featured_media":0,"comment_status":"closed","ping_status":"closed","sticky":false,"template":"","format":"standard","meta":{"footnotes":""},"categories":[12],"tags":[37],"class_list":["post-1286","post","type-post","status-publish","format-standard","hentry","category-annonces","tag-sport"],"_links":{"self":[{"href":"https:\/\/www.club-mouche-languedoc.fr\/index.php\/wp-json\/wp\/v2\/posts\/1286","targetHints":{"allow":["GET"]}}],"collection":[{"href":"https:\/\/www.club-mouche-languedoc.fr\/index.php\/wp-json\/wp\/v2\/posts"}],"about":[{"href":"https:\/\/www.club-mouche-languedoc.fr\/index.php\/wp-json\/wp\/v2\/types\/post"}],"author":[{"embeddable":true,"href":"https:\/\/www.club-mouche-languedoc.fr\/index.php\/wp-json\/wp\/v2\/users\/1"}],"replies":[{"embeddable":true,"href":"https:\/\/www.club-mouche-languedoc.fr\/index.php\/wp-json\/wp\/v2\/comments?post=1286"}],"version-history":[{"count":2,"href":"https:\/\/www.club-mouche-languedoc.fr\/index.php\/wp-json\/wp\/v2\/posts\/1286\/revisions"}],"predecessor-version":[{"id":1291,"href":"https:\/\/www.club-mouche-languedoc.fr\/index.php\/wp-json\/wp\/v2\/posts\/1286\/revisions\/1291"}],"wp:attachment":[{"href":"https:\/\/www.club-mouche-languedoc.fr\/index.php\/wp-json\/wp\/v2\/media?parent=1286"}],"wp:term":[{"taxonomy":"category","embeddable":true,"href":"https:\/\/www.club-mouche-languedoc.fr\/index.php\/wp-json\/wp\/v2\/categories?post=1286"},{"taxonomy":"post_tag","embeddable":true,"href":"https:\/\/www.club-mouche-languedoc.fr\/index.php\/wp-json\/wp\/v2\/tags?post=1286"}],"curies":[{"name":"wp","href":"https:\/\/api.w.org\/{rel}","templated":true}]}}