{"id":1282,"date":"2023-05-17T13:10:19","date_gmt":"2023-05-17T11:10:19","guid":{"rendered":"https:\/\/www.club-mouche-languedoc.fr\/?p=1282"},"modified":"2023-05-23T14:03:38","modified_gmt":"2023-05-23T12:03:38","slug":"sortie-reservoir-dans-le-cantal","status":"publish","type":"post","link":"https:\/\/www.club-mouche-languedoc.fr\/index.php\/2023\/05\/17\/sortie-reservoir-dans-le-cantal\/","title":{"rendered":"Sortie r\u00e9servoir dans le Cantal"},"content":{"rendered":"\n<p>Le week-end des 13 et 14 mai le club a organis\u00e9 une sortie sur trois r\u00e9servoirs du Cantal\u00a0: <strong><a href=\"https:\/\/www.lac-estives.com\/\" target=\"_blank\" rel=\"noreferrer noopener\">Lac des Estives<\/a><\/strong>, <strong><a href=\"https:\/\/www.vacances-en-auvergne.com\/la-peche-en-area-dans-le-cantal\/\" target=\"_blank\" rel=\"noreferrer noopener\">Lac du Roussillou<\/a><\/strong> et <strong><a href=\"https:\/\/www.veirieres-evasion.com\/\" target=\"_blank\" rel=\"noreferrer noopener\">Domaine de Veiri\u00e8res<\/a><\/strong>.<\/p>\n\n\n\n<!--more-->\n\n\n<div class=\"wp-block-image\">\n<figure class=\"alignright size-large is-resized\"><img loading=\"lazy\" decoding=\"async\" src=\"https:\/\/www.lac-estives.com\/galerie\/chalet-bois-cantal-4.jpg\" alt=\"\" width=\"330\" height=\"219\"\/><\/figure>\n<\/div>\n\n\n<p>Une douzaine de membres du club s\u2019\u00e9taient donn\u00e9 rendez-vous \u00e9tait le vendredi pour le coup du soir aux Estives. <br>Quelques poissons ont \u00e9t\u00e9 pris, mais les conditions climatiques, pas vraiment favorables, ont eues raison des plus courageux\u2026 Tout le monde s\u2019est retrouv\u00e9 pour le repas pris en commun dans un des chalets du lac o\u00f9 l\u2019ambiance chaleureuse a vite tourn\u00e9 \u00e0 la franche rigolade et tout le monde est all\u00e9 se coucher, pr\u00eat pour une journ\u00e9e au Roussillou le lendemain<\/p>\n\n\n<div class=\"wp-block-image\">\n<figure class=\"alignleft size-large is-resized\"><img loading=\"lazy\" decoding=\"async\" src=\"https:\/\/www.auvergne-destination.com\/wp-content\/uploads\/external\/a1914249b4a5b216d6278cd46805eea8-2232278-1000x710.jpg\" alt=\"\" width=\"379\" height=\"268\"\/><\/figure>\n<\/div>\n\n\n<p>Le samedi, la temp\u00e9rature \u00e9tait plus cl\u00e9mente et malgr\u00e9 quelques averses, la journ\u00e9e sur le lac du Roussillou fut agr\u00e9able ! <\/p>\n\n\n\n<p><br>La p\u00eache est rest\u00e9e difficile mais quelques jolis poissons ont \u00e9t\u00e9 pris.<\/p>\n\n\n\n<p><\/p>\n\n\n\n<p><\/p>\n\n\n\n<p>Samedi soir, le repas \u00e0 la <a rel=\"noreferrer noopener\" href=\"https:\/\/www.bienvenue-a-la-ferme.com\/auvergnerhonealpes\/cantal\/riom-es-montagne\/ferme\/ferme-auberge-les-arbres\/221643\" target=\"_blank\">ferme-auberge Les Arbres<\/a> fut encore un moment convivial o\u00f9 l&rsquo;on a pu d\u00e9gustez les produits du terroir et les sp\u00e9cialit\u00e9s r\u00e9gionales issus des productions de la ferme. <\/p>\n\n\n\n<p>Le dimanche,  un groupe de p\u00eacheurs est rest\u00e9 sur le lac des Estives, o\u00f9 la brume matinale a vite laiss\u00e9 la place \u00e0 un franc soleil bien agr\u00e9able, <\/p>\n\n\n\n<figure class=\"wp-block-image size-large\"><img decoding=\"async\" src=\"https:\/\/www.lac-estives.com\/image\/lac-estives-peche-cantal.jpg\" alt=\"\"\/><\/figure>\n\n\n\n<p>pendant qu&rsquo;un second groupe est parti pour le Domaine de Veiri\u00e8res, son &lsquo;buron&rsquo; et ses belles barques irlandaises !<\/p>\n\n\n\n<figure class=\"wp-block-image size-large is-resized\"><img loading=\"lazy\" decoding=\"async\" src=\"https:\/\/www.veirieres-evasion.com\/wp-content\/uploads\/2022\/06\/IMG-20220604-WA0003.jpg\" alt=\"\" width=\"673\" height=\"303\"\/><\/figure>\n\n\n\n<p>Un excellent weekend, o\u00f9 l&rsquo;on aurait bien s\u00fbr pr\u00e9f\u00e9r\u00e9 une m\u00e9t\u00e9o plus cl\u00e9mente et des poissons plus coop\u00e9ratifs, mais est-ce vraiment le plus important ?<br>Merci \u00e0 tous pour la bonne ambiance qui \u00e0 r\u00e9gn\u00e9 tout le weekend et bravo \u00e0 Christian pour l&rsquo;organisation.<\/p>\n\n\n\n<p>Sortie \u00e0 refaire la saison prochaine !      <\/p>\n","protected":false},"excerpt":{"rendered":"<p>Le week-end des 13 et 14 mai le club a organis\u00e9 une sortie sur trois r\u00e9servoirs du Cantal\u00a0: Lac des Estives, Lac du Roussillou et Domaine de Veiri\u00e8res.<\/p>\n","protected":false},"author":1,"featured_media":0,"comment_status":"closed","ping_status":"closed","sticky":false,"template":"","format":"standard","meta":{"footnotes":""},"categories":[8],"tags":[7,18],"class_list":["post-1282","post","type-post","status-publish","format-standard","hentry","category-sorties-club","tag-reservoir","tag-sorties"],"_links":{"self":[{"href":"https:\/\/www.club-mouche-languedoc.fr\/index.php\/wp-json\/wp\/v2\/posts\/1282","targetHints":{"allow":["GET"]}}],"collection":[{"href":"https:\/\/www.club-mouche-languedoc.fr\/index.php\/wp-json\/wp\/v2\/posts"}],"about":[{"href":"https:\/\/www.club-mouche-languedoc.fr\/index.php\/wp-json\/wp\/v2\/types\/post"}],"author":[{"embeddable":true,"href":"https:\/\/www.club-mouche-languedoc.fr\/index.php\/wp-json\/wp\/v2\/users\/1"}],"replies":[{"embeddable":true,"href":"https:\/\/www.club-mouche-languedoc.fr\/index.php\/wp-json\/wp\/v2\/comments?post=1282"}],"version-history":[{"count":1,"href":"https:\/\/www.club-mouche-languedoc.fr\/index.php\/wp-json\/wp\/v2\/posts\/1282\/revisions"}],"predecessor-version":[{"id":1283,"href":"https:\/\/www.club-mouche-languedoc.fr\/index.php\/wp-json\/wp\/v2\/posts\/1282\/revisions\/1283"}],"wp:attachment":[{"href":"https:\/\/www.club-mouche-languedoc.fr\/index.php\/wp-json\/wp\/v2\/media?parent=1282"}],"wp:term":[{"taxonomy":"category","embeddable":true,"href":"https:\/\/www.club-mouche-languedoc.fr\/index.php\/wp-json\/wp\/v2\/categories?post=1282"},{"taxonomy":"post_tag","embeddable":true,"href":"https:\/\/www.club-mouche-languedoc.fr\/index.php\/wp-json\/wp\/v2\/tags?post=1282"}],"curies":[{"name":"wp","href":"https:\/\/api.w.org\/{rel}","templated":true}]}}