{"id":1140,"date":"2023-01-30T15:14:26","date_gmt":"2023-01-30T14:14:26","guid":{"rendered":"https:\/\/www.club-mouche-languedoc.fr\/?p=1140"},"modified":"2023-01-30T15:14:27","modified_gmt":"2023-01-30T14:14:27","slug":"open-de-montage-de-mouche","status":"publish","type":"post","link":"https:\/\/www.club-mouche-languedoc.fr\/index.php\/2023\/01\/30\/open-de-montage-de-mouche\/","title":{"rendered":"Open de Montage de mouche"},"content":{"rendered":"\n<p>Le GPS Lyon Centre organisait ce dimanche 29 janvier un concours de montage de mouche. <br>Claude et C\u00e9dric, accompagn\u00e9s par Christian, ont fi\u00e8rement repr\u00e9sent\u00e9 le club en soumettant leurs montages au jury compos\u00e9 de personnalit\u00e9s prestigieuses du monde de la p\u00eache \u00e0 la mouche. <\/p>\n\n\n\n<figure class=\"wp-block-image size-full\"><img loading=\"lazy\" decoding=\"async\" width=\"1024\" height=\"768\" src=\"https:\/\/www.club-mouche-languedoc.fr\/wp-content\/uploads\/2023\/01\/Claude-et-Cedric.jpeg\" alt=\"\" class=\"wp-image-1139\" srcset=\"https:\/\/www.club-mouche-languedoc.fr\/wp-content\/uploads\/2023\/01\/Claude-et-Cedric.jpeg 1024w, https:\/\/www.club-mouche-languedoc.fr\/wp-content\/uploads\/2023\/01\/Claude-et-Cedric-300x225.jpeg 300w, https:\/\/www.club-mouche-languedoc.fr\/wp-content\/uploads\/2023\/01\/Claude-et-Cedric-768x576.jpeg 768w, https:\/\/www.club-mouche-languedoc.fr\/wp-content\/uploads\/2023\/01\/Claude-et-Cedric-200x150.jpeg 200w, https:\/\/www.club-mouche-languedoc.fr\/wp-content\/uploads\/2023\/01\/Claude-et-Cedric-80x60.jpeg 80w, https:\/\/www.club-mouche-languedoc.fr\/wp-content\/uploads\/2023\/01\/Claude-et-Cedric-640x480.jpeg 640w\" sizes=\"auto, (max-width: 767px) 89vw, (max-width: 1000px) 54vw, (max-width: 1071px) 543px, 580px\" \/><figcaption class=\"wp-element-caption\">Les artistes au travail !<\/figcaption><\/figure>\n\n\n\n<p>Bravo \u00e0 Claude, 7eme, et \u00e0 C\u00e9dric 23eme du concours !<br><\/p>\n","protected":false},"excerpt":{"rendered":"<p>Le GPS Lyon Centre organisait ce dimanche 29 janvier un concours de montage de mouche. Claude et C\u00e9dric, accompagn\u00e9s par Christian, ont fi\u00e8rement repr\u00e9sent\u00e9 le club en soumettant leurs montages au jury compos\u00e9 de personnalit\u00e9s prestigieuses du monde de la p\u00eache \u00e0 la mouche. Bravo \u00e0 Claude, 7eme, et \u00e0 C\u00e9dric 23eme du concours !<\/p>\n","protected":false},"author":1,"featured_media":0,"comment_status":"closed","ping_status":"closed","sticky":false,"template":"","format":"standard","meta":{"footnotes":""},"categories":[34,25],"tags":[33,32],"class_list":["post-1140","post","type-post","status-publish","format-standard","hentry","category-concours","category-evenement","tag-concours","tag-montage"],"_links":{"self":[{"href":"https:\/\/www.club-mouche-languedoc.fr\/index.php\/wp-json\/wp\/v2\/posts\/1140","targetHints":{"allow":["GET"]}}],"collection":[{"href":"https:\/\/www.club-mouche-languedoc.fr\/index.php\/wp-json\/wp\/v2\/posts"}],"about":[{"href":"https:\/\/www.club-mouche-languedoc.fr\/index.php\/wp-json\/wp\/v2\/types\/post"}],"author":[{"embeddable":true,"href":"https:\/\/www.club-mouche-languedoc.fr\/index.php\/wp-json\/wp\/v2\/users\/1"}],"replies":[{"embeddable":true,"href":"https:\/\/www.club-mouche-languedoc.fr\/index.php\/wp-json\/wp\/v2\/comments?post=1140"}],"version-history":[{"count":1,"href":"https:\/\/www.club-mouche-languedoc.fr\/index.php\/wp-json\/wp\/v2\/posts\/1140\/revisions"}],"predecessor-version":[{"id":1141,"href":"https:\/\/www.club-mouche-languedoc.fr\/index.php\/wp-json\/wp\/v2\/posts\/1140\/revisions\/1141"}],"wp:attachment":[{"href":"https:\/\/www.club-mouche-languedoc.fr\/index.php\/wp-json\/wp\/v2\/media?parent=1140"}],"wp:term":[{"taxonomy":"category","embeddable":true,"href":"https:\/\/www.club-mouche-languedoc.fr\/index.php\/wp-json\/wp\/v2\/categories?post=1140"},{"taxonomy":"post_tag","embeddable":true,"href":"https:\/\/www.club-mouche-languedoc.fr\/index.php\/wp-json\/wp\/v2\/tags?post=1140"}],"curies":[{"name":"wp","href":"https:\/\/api.w.org\/{rel}","templated":true}]}}